{"id":31141,"date":"2026-05-01T04:17:31","date_gmt":"2026-05-01T04:17:31","guid":{"rendered":"https:\/\/eskigazeteci.com\/?p=31141"},"modified":"2026-05-01T04:17:31","modified_gmt":"2026-05-01T04:17:31","slug":"erdogan-ve-bahceliden-terorsuz-turkiye-zirvesi","status":"publish","type":"post","link":"https:\/\/eskigazeteci.com\/?p=31141","title":{"rendered":"Erdo\u011fan ve Bah\u00e7eli\u2019den \u2018Ter\u00f6rs\u00fcz T\u00fcrkiye\u2019 zirvesi"},"content":{"rendered":"<p>Yakla\u015f\u0131k 1 saat s\u00fcren g\u00f6r\u00fc\u015fmede, \u2018Ter\u00f6rs\u00fcz T\u00fcrkiye\u2019 s\u00fcrecinde gelinen a\u015faman\u0131n de\u011ferlendirildi\u011fi bildirildi. \u0130ki liderin s\u00fcrecin ilerleyi\u015fi konusunda fikir al\u0131\u015fveri\u015finde bulundu\u011fu \u00f6\u011frenildi. S\u00fcrecin bir sonraki ad\u0131m\u0131 olan yasal d\u00fczenlemelere ili\u015fkin at\u0131lacak ad\u0131mlar da de\u011ferlendirildi. G\u00f6r\u00fc\u015fmenin ana g\u00fcndeminde Ortado\u011fu\u2019da ya\u015fanan geli\u015fmeler de vard\u0131. Erdo\u011fan ve Bah\u00e7eli, \u0130srail-ABD ve \u0130ran sava\u015f\u0131n\u0131n b\u00f6lgesel ve k\u00fcresel a\u00e7\u0131dan yol a\u00e7t\u0131\u011f\u0131 etkiyi de\u011ferlendirdi. S\u00f6z konusu sava\u015fta ate\u015fkes s\u00fcrecinde gelinen a\u015fama ile \u0130srail\u2019in Gazze ve L\u00fcbnan\u2019da yapt\u0131\u011f\u0131 sald\u0131r\u0131lar masaya yat\u0131r\u0131ld\u0131. G\u00f6r\u00fc\u015fmede, Gazze\u2019ye insani yard\u0131m g\u00f6t\u00fcrmek i\u00e7in yola \u00e7\u0131kan K\u00fcresel Sumud Filosu\u2019na yap\u0131lan sald\u0131r\u0131 da g\u00fcndemdeydi.<\/p>\n<p>SON G\u00d6R\u00dc\u015eME 21 OCAK\u2019TAYDI<\/p>\n<p>Cumhurba\u015fkan\u0131 Erdo\u011fan ve MHP Lideri Bah\u00e7eli, son olarak 21 Ocak\u2019ta Be\u015ftepe\u2019de bir araya gelmi\u015fti. \u0130ki lider, Ter\u00f6rs\u00fcz T\u00fcrkiye s\u00fcrecini ele al\u0131p s\u00fcrece y\u00f6nelik geli\u015fmeleri ve son durumu de\u011ferlendirmi\u015fti. Bu g\u00f6r\u00fc\u015fmede, Suriye\u2019deki son geli\u015fmeler ile b\u00f6lgedeki son durum da masaya yat\u0131r\u0131lm\u0131\u015ft\u0131. \u0130ki liderin 23 Nisan\u2019da TBMM\u2019de d\u00fczenlenen resepsiyonda yapt\u0131klar\u0131 sohbette Cumhurba\u015fkan\u0131 Erdo\u011fan, Bah\u00e7eli\u2019ye \u201cGeliyorsunuz de\u011fil mi, haftaya sizi bekliyorum\u201d demi\u015fti.<\/p>\n<p>T\u00fcrkiye&#8230;<\/p>\n","protected":false},"excerpt":{"rendered":"<p>CUMHURBA\u015eKANI Tayyip Erdo\u011fan, d\u00fcn MHP Lideri Devlet Bah\u00e7eli ile ak\u015fam saatlerinde Be\u015ftepe\u2019de bir araya geldi.<\/p>\n","protected":false},"author":2,"featured_media":31140,"comment_status":"open","ping_status":"open","sticky":false,"template":"","format":"standard","meta":{"footnotes":""},"categories":[6,5],"tags":[],"class_list":["post-31141","post","type-post","status-publish","format-standard","has-post-thumbnail","hentry","category-gundem","category-son-dakika"],"_links":{"self":[{"href":"https:\/\/eskigazeteci.com\/index.php?rest_route=\/wp\/v2\/posts\/31141","targetHints":{"allow":["GET"]}}],"collection":[{"href":"https:\/\/eskigazeteci.com\/index.php?rest_route=\/wp\/v2\/posts"}],"about":[{"href":"https:\/\/eskigazeteci.com\/index.php?rest_route=\/wp\/v2\/types\/post"}],"author":[{"embeddable":true,"href":"https:\/\/eskigazeteci.com\/index.php?rest_route=\/wp\/v2\/users\/2"}],"replies":[{"embeddable":true,"href":"https:\/\/eskigazeteci.com\/index.php?rest_route=%2Fwp%2Fv2%2Fcomments&post=31141"}],"version-history":[{"count":0,"href":"https:\/\/eskigazeteci.com\/index.php?rest_route=\/wp\/v2\/posts\/31141\/revisions"}],"wp:featuredmedia":[{"embeddable":true,"href":"https:\/\/eskigazeteci.com\/index.php?rest_route=\/wp\/v2\/media\/31140"}],"wp:attachment":[{"href":"https:\/\/eskigazeteci.com\/index.php?rest_route=%2Fwp%2Fv2%2Fmedia&parent=31141"}],"wp:term":[{"taxonomy":"category","embeddable":true,"href":"https:\/\/eskigazeteci.com\/index.php?rest_route=%2Fwp%2Fv2%2Fcategories&post=31141"},{"taxonomy":"post_tag","embeddable":true,"href":"https:\/\/eskigazeteci.com\/index.php?rest_route=%2Fwp%2Fv2%2Ftags&post=31141"}],"curies":[{"name":"wp","href":"https:\/\/api.w.org\/{rel}","templated":true}]}}