{"id":31137,"date":"2026-05-01T04:14:28","date_gmt":"2026-05-01T04:14:28","guid":{"rendered":"https:\/\/eskigazeteci.com\/?p=31137"},"modified":"2026-05-01T04:14:28","modified_gmt":"2026-05-01T04:14:28","slug":"ibb-genel-sekreteri-dogumu-gunu-tutuklu-sanikin-tutuksuzlik-iddiasi","status":"publish","type":"post","link":"https:\/\/eskigazeteci.com\/?p=31137","title":{"rendered":"\u0130BB Genel Sekreteri Do\u011fumu g\u00fcn\u00fc tutuklu san\u0131k\u0131n tutuksuzl\u0131k iddias\u0131"},"content":{"rendered":"<p>\u0130BB Ba\u015fkan\u0131 Ekrem \u0130mamo\u011flu, 414 ki\u015fi hakk\u0131nda a\u00e7\u0131lan davan\u0131n devam ederken, 92 tanesi tutuklu, 7 tanesi firari olup, sonucunda 5 ki\u015fi m\u00fc\u015fteki-san\u0131k olarak belirtilmi\u015ftir. Mahkeme Ba\u015fkan\u0131 Sel\u00e7uk Aylan, ayl\u0131k tutukluluk incelemesinin yap\u0131laca\u011f\u0131n\u0131 belirtti.<\/p>\n","protected":false},"excerpt":{"rendered":"<p>San\u0131klar\u0131n tutukluluk incelemeleri yap\u0131ld\u0131 ve davan\u0131n g\u00f6r\u00fcld\u00fc\u011f\u00fcn\u00fc belirtildi.<\/p>\n","protected":false},"author":2,"featured_media":31136,"comment_status":"open","ping_status":"open","sticky":false,"template":"","format":"standard","meta":{"footnotes":""},"categories":[6,5],"tags":[],"class_list":["post-31137","post","type-post","status-publish","format-standard","has-post-thumbnail","hentry","category-gundem","category-son-dakika"],"_links":{"self":[{"href":"https:\/\/eskigazeteci.com\/index.php?rest_route=\/wp\/v2\/posts\/31137","targetHints":{"allow":["GET"]}}],"collection":[{"href":"https:\/\/eskigazeteci.com\/index.php?rest_route=\/wp\/v2\/posts"}],"about":[{"href":"https:\/\/eskigazeteci.com\/index.php?rest_route=\/wp\/v2\/types\/post"}],"author":[{"embeddable":true,"href":"https:\/\/eskigazeteci.com\/index.php?rest_route=\/wp\/v2\/users\/2"}],"replies":[{"embeddable":true,"href":"https:\/\/eskigazeteci.com\/index.php?rest_route=%2Fwp%2Fv2%2Fcomments&post=31137"}],"version-history":[{"count":0,"href":"https:\/\/eskigazeteci.com\/index.php?rest_route=\/wp\/v2\/posts\/31137\/revisions"}],"wp:featuredmedia":[{"embeddable":true,"href":"https:\/\/eskigazeteci.com\/index.php?rest_route=\/wp\/v2\/media\/31136"}],"wp:attachment":[{"href":"https:\/\/eskigazeteci.com\/index.php?rest_route=%2Fwp%2Fv2%2Fmedia&parent=31137"}],"wp:term":[{"taxonomy":"category","embeddable":true,"href":"https:\/\/eskigazeteci.com\/index.php?rest_route=%2Fwp%2Fv2%2Fcategories&post=31137"},{"taxonomy":"post_tag","embeddable":true,"href":"https:\/\/eskigazeteci.com\/index.php?rest_route=%2Fwp%2Fv2%2Ftags&post=31137"}],"curies":[{"name":"wp","href":"https:\/\/api.w.org\/{rel}","templated":true}]}}