{"id":31135,"date":"2026-05-01T04:12:58","date_gmt":"2026-05-01T04:12:58","guid":{"rendered":"https:\/\/eskigazeteci.com\/?p=31135"},"modified":"2026-05-01T04:12:58","modified_gmt":"2026-05-01T04:12:58","slug":"bocekin-gelinine-gozalti","status":"publish","type":"post","link":"https:\/\/eskigazeteci.com\/?p=31135","title":{"rendered":"B\u00f6cek\u2019in gelinine g\u00f6zalt\u0131"},"content":{"rendered":"<p>Hakk\u0131nda g\u00f6zalt\u0131 karar\u0131 bulunan bir ki\u015finin yakalanmas\u0131na y\u00f6nelik \u00e7al\u0131\u015fman\u0131n devam etti\u011fi \u00f6\u011frenildi. \u0130stanbul Cumhuriyet Ba\u015fsavc\u0131l\u0131\u011f\u0131\u2019nca \u0130stanbul B\u00fcy\u00fck\u015fehir Belediyesi\u2019ne (\u0130BB) y\u00f6nelik \u2018yolsuzluk\u2019 iddias\u0131yla y\u00fcr\u00fct\u00fclen soru\u015fturma kapsam\u0131nda, g\u00f6revden uzakla\u015ft\u0131r\u0131lan Antalya B\u00fcy\u00fck\u015fehir Belediye Ba\u015fkan\u0131 Muhittin B\u00f6cek \u2019in gelini Zuhal B\u00f6cek \u2019in de aralar\u0131nda bulundu\u011fu 3 \u015f\u00fcpheli hakk\u0131nda g\u00f6zalt\u0131 karar\u0131 verildi. Emniyet ekipleri taraf\u0131ndan ger\u00e7ekle\u015fen operasyonda Zuhal B\u00f6cek ile 1 \u015f\u00fcpheli g\u00f6zalt\u0131na al\u0131nd\u0131. Hakk\u0131nda g\u00f6zalt\u0131 karar\u0131 bulunan bir ki\u015finin yakalanmas\u0131na y\u00f6nelik \u00e7al\u0131\u015fman\u0131n devam etti\u011fi \u00f6\u011frenildi.<\/p>\n<p>HASAN AKG\u00dcN\u2019\u00dcN 183 YILA KADAR HAPS\u0130 \u0130STEND\u0130<\/p>\n<p>\u00d6te yandan \u0130stanbul Cumhuriyet Ba\u015fsavc\u0131l\u0131\u011f\u0131\u2019nca, \u2018yolsuzluk\u2019 iddialar\u0131na ili\u015fkin y\u00fcr\u00fct\u00fclen soru\u015fturma kapsam\u0131nda tutuklanan B\u00fcy\u00fck\u00e7ekmece Belediye Ba\u015fkan\u0131 Hasan Akg\u00fcn\u2019\u00fcn de aras\u0131nda bulundu\u011fu 31 ki\u015fi hakk\u0131nda y\u00fcr\u00fct\u00fclen soru\u015fturma tamamland\u0131. \u0130ddianamede Akg\u00fcn\u2019\u00fcn, 68 y\u0131ldan 183 y\u0131la kadar hapisle cezaland\u0131r\u0131lmas\u0131 istendi.<\/p>\n<p>T\u00fcrkiye g\u00fcndeminden son dakika haberleri, bug\u00fcn ya\u015fanan en son geli\u015fmeler, siyaset g\u00fcndeminden g\u00fcncel haberler ve b\u00fct\u00fcn son dakika haberleri i\u00e7in H\u00fcrriyet&#x27;in internet haber sitesi hurriyet.com.tr; Hurriyet.com.tr haber&#8230;<\/p>\n","protected":false},"excerpt":{"rendered":"<p>\u0130stanbul Cumhuriyet Ba\u015fsavc\u0131l\u0131\u011f\u0131\u2019nca y\u00fcr\u00fct\u00fclen soru\u015fturma kapsam\u0131nda, g\u00f6revden uzakla\u015ft\u0131r\u0131lan Antalya B\u00fcy\u00fck\u015fehir Belediye Ba\u015fkan\u0131 Muhittin B\u00f6cek\u2019in gelini&#8230;<\/p>\n","protected":false},"author":2,"featured_media":31134,"comment_status":"open","ping_status":"open","sticky":false,"template":"","format":"standard","meta":{"footnotes":""},"categories":[6,5],"tags":[],"class_list":["post-31135","post","type-post","status-publish","format-standard","has-post-thumbnail","hentry","category-gundem","category-son-dakika"],"_links":{"self":[{"href":"https:\/\/eskigazeteci.com\/index.php?rest_route=\/wp\/v2\/posts\/31135","targetHints":{"allow":["GET"]}}],"collection":[{"href":"https:\/\/eskigazeteci.com\/index.php?rest_route=\/wp\/v2\/posts"}],"about":[{"href":"https:\/\/eskigazeteci.com\/index.php?rest_route=\/wp\/v2\/types\/post"}],"author":[{"embeddable":true,"href":"https:\/\/eskigazeteci.com\/index.php?rest_route=\/wp\/v2\/users\/2"}],"replies":[{"embeddable":true,"href":"https:\/\/eskigazeteci.com\/index.php?rest_route=%2Fwp%2Fv2%2Fcomments&post=31135"}],"version-history":[{"count":0,"href":"https:\/\/eskigazeteci.com\/index.php?rest_route=\/wp\/v2\/posts\/31135\/revisions"}],"wp:featuredmedia":[{"embeddable":true,"href":"https:\/\/eskigazeteci.com\/index.php?rest_route=\/wp\/v2\/media\/31134"}],"wp:attachment":[{"href":"https:\/\/eskigazeteci.com\/index.php?rest_route=%2Fwp%2Fv2%2Fmedia&parent=31135"}],"wp:term":[{"taxonomy":"category","embeddable":true,"href":"https:\/\/eskigazeteci.com\/index.php?rest_route=%2Fwp%2Fv2%2Fcategories&post=31135"},{"taxonomy":"post_tag","embeddable":true,"href":"https:\/\/eskigazeteci.com\/index.php?rest_route=%2Fwp%2Fv2%2Ftags&post=31135"}],"curies":[{"name":"wp","href":"https:\/\/api.w.org\/{rel}","templated":true}]}}