{"id":31133,"date":"2026-05-01T04:11:27","date_gmt":"2026-05-01T04:11:27","guid":{"rendered":"https:\/\/eskigazeteci.com\/?p=31133"},"modified":"2026-05-01T04:11:27","modified_gmt":"2026-05-01T04:11:27","slug":"istanbul-valiliginden-1-mayis-aciklamasi-kutlamalar-kadikoy-ve-kartalda","status":"publish","type":"post","link":"https:\/\/eskigazeteci.com\/?p=31133","title":{"rendered":"\u0130stanbul Valili\u011fi\u2019nden 1 May\u0131s a\u00e7\u0131klamas\u0131&#8230; Kutlamalar Kad\u0131k\u00f6y ve Kartal\u2019da"},"content":{"rendered":"<p>V AL\u0130L\u0130KTEN yap\u0131lan a\u00e7\u0131klamada, 1 May\u0131s Emek ve Dayan\u0131\u015fma G\u00fcn\u00fc\u2019n\u00fcn t\u00fcm d\u00fcnyada oldu\u011fu gibi \u0130stanbul\u2019da da \u00e7e\u015fitli etkinliklerle kutlanaca\u011f\u0131 belirtildi. A\u00e7\u0131klamada, \u201cBu kapsamda, D\u0130SK, KESK, TMMOB ve TTB Kad\u0131k\u00f6y R\u0131ht\u0131m Meydan\u0131, TKP ise Kartal Meydan\u0131 i\u00e7in Valili\u011fimize resmi ba\u015fvuruda bulunmu\u015ftur. Taraf\u0131m\u0131zca yap\u0131lan de\u011ferlendirmeler sonucunda s\u00f6z konusu ba\u015fvurular uygun g\u00f6r\u00fclm\u00fc\u015f ve onaylanm\u0131\u015ft\u0131r. 1 May\u0131s Emek ve Dayan\u0131\u015fma G\u00fcn\u00fc kutlamalar\u0131 \u00e7er\u00e7evesinde D\u0130SK, KESK, TMMOB ve TTB Kad\u0131k\u00f6y R\u0131ht\u0131m Meydan\u0131\u2019nda 10.00-17.00 saatleri aras\u0131nda, TKP ise Kartal Meydan\u0131\u2019nda 12.00-19.00 saatleri aras\u0131nda kutlama programlar\u0131n\u0131 yapacakt\u0131r. Bu etkinlikler d\u0131\u015f\u0131nda ilimiz genelinde 1 May\u0131s Emek ve Dayan\u0131\u015fma G\u00fcn\u00fc program\u0131 yap\u0131lmayacakt\u0131r\u201d ifadelerine yer verildi.<\/p>\n<p>Al\u0131nan tedbirlere de\u011finilen a\u00e7\u0131klamada, \u201cValili\u011fimizce Beyo\u011flu, \u015ei\u015fli, Fatih ve Be\u015fikta\u015f il\u00e7elerinde 1 May\u0131s Cuma g\u00fcn\u00fc 00.01-23.59 saatleri aras\u0131nda her t\u00fcrl\u00fc miting, bas\u0131n a\u00e7\u0131klamas\u0131, a\u00e7\u0131k yer toplant\u0131lar\u0131 ile g\u00f6steri y\u00fcr\u00fcy\u00fc\u015fleri, \u00e7ad\u0131r kurma, stant a\u00e7ma, oturma eylemi, imza kampanyas\u0131, anma t\u00f6reni ve benzeri t\u00fcrdeki eylem ve etkinlikler yasaklanm\u0131\u015ft\u0131r\u201d denildi.<\/p>\n<p>ULA\u015eIM \u00dcCRETS\u0130Z<\/p>\n<p>\u0130stanbul B\u00fcy\u00fck\u015fehir Belediyesi\u2019nden (\u0130BB) yap\u0131lan a\u00e7\u0131klamada,&#8230;<\/p>\n","protected":false},"excerpt":{"rendered":"<p>\u0130stanbul Valili\u011fi, 1 May\u0131s Emek ve Dayan\u0131\u015fma G\u00fcn\u00fc dolay\u0131s\u0131yla Kad\u0131k\u00f6y R\u0131ht\u0131m Meydan\u0131 ve Kartal Meydan\u0131&#8217;nda yap\u0131lacak etkinliklere izin verildi\u011fini, Beyo\u011flu,&#8230;<\/p>\n","protected":false},"author":2,"featured_media":31132,"comment_status":"open","ping_status":"open","sticky":false,"template":"","format":"standard","meta":{"footnotes":""},"categories":[6,5],"tags":[],"class_list":["post-31133","post","type-post","status-publish","format-standard","has-post-thumbnail","hentry","category-gundem","category-son-dakika"],"_links":{"self":[{"href":"https:\/\/eskigazeteci.com\/index.php?rest_route=\/wp\/v2\/posts\/31133","targetHints":{"allow":["GET"]}}],"collection":[{"href":"https:\/\/eskigazeteci.com\/index.php?rest_route=\/wp\/v2\/posts"}],"about":[{"href":"https:\/\/eskigazeteci.com\/index.php?rest_route=\/wp\/v2\/types\/post"}],"author":[{"embeddable":true,"href":"https:\/\/eskigazeteci.com\/index.php?rest_route=\/wp\/v2\/users\/2"}],"replies":[{"embeddable":true,"href":"https:\/\/eskigazeteci.com\/index.php?rest_route=%2Fwp%2Fv2%2Fcomments&post=31133"}],"version-history":[{"count":0,"href":"https:\/\/eskigazeteci.com\/index.php?rest_route=\/wp\/v2\/posts\/31133\/revisions"}],"wp:featuredmedia":[{"embeddable":true,"href":"https:\/\/eskigazeteci.com\/index.php?rest_route=\/wp\/v2\/media\/31132"}],"wp:attachment":[{"href":"https:\/\/eskigazeteci.com\/index.php?rest_route=%2Fwp%2Fv2%2Fmedia&parent=31133"}],"wp:term":[{"taxonomy":"category","embeddable":true,"href":"https:\/\/eskigazeteci.com\/index.php?rest_route=%2Fwp%2Fv2%2Fcategories&post=31133"},{"taxonomy":"post_tag","embeddable":true,"href":"https:\/\/eskigazeteci.com\/index.php?rest_route=%2Fwp%2Fv2%2Ftags&post=31133"}],"curies":[{"name":"wp","href":"https:\/\/api.w.org\/{rel}","templated":true}]}}