{"id":31129,"date":"2026-05-01T04:08:30","date_gmt":"2026-05-01T04:08:30","guid":{"rendered":"https:\/\/eskigazeteci.com\/?p=31129"},"modified":"2026-05-01T04:08:30","modified_gmt":"2026-05-01T04:08:30","slug":"mecliste-sumud-tepkisi-barbarlik-haydutluk-korsanlik","status":"publish","type":"post","link":"https:\/\/eskigazeteci.com\/?p=31129","title":{"rendered":"Meclis\u2019te Sumud tepkisi\u2026 Barbarl\u0131k, haydutluk, korsanl\u0131k"},"content":{"rendered":"<p>TBMM Ba\u015fkan\u0131 Numan Kurtulmu\u015f\u2019un Genel Kurul\u2019a sundu\u011fu tezkere, grubu olan t\u00fcm partilerin imzas\u0131yla kabul edilerek \u0130srail h\u00fck\u00fcmeti k\u0131nand\u0131. \u0130srail ordusunun yasad\u0131\u015f\u0131 operasyonuna Meclis\u2019ten y\u00fckselen tepkiler \u015f\u00f6yle:<\/p>\n<p>&#8211; AK Parti Grup Ba\u015fkanvekili Abdulhamit G\u00fcl: Her \u00fclkeden vicdan ta\u015f\u0131yan herkesin o gemide oldu\u011fu filoya y\u00f6nelik sald\u0131r\u0131 asla kabul edilemez. Soyk\u0131r\u0131mc\u0131lar\u0131n bu eylemini cayd\u0131r\u0131c\u0131 bir \u015fekilde uluslararas\u0131 kurumlar\u0131n engellenmesi insanl\u0131k ad\u0131na sorumluluktur.<\/p>\n<p>&#8211; MHP Grup Ba\u015fkanvekili Filiz K\u0131l\u0131\u00e7: \u0130srail\u2019in t\u00fcm d\u00fcnyan\u0131n g\u00f6z\u00fc \u00f6n\u00fcnde s\u00fcrd\u00fcrd\u00fc\u011f\u00fc soyk\u0131r\u0131m, Akdeniz\u2019de son haydutlukla s\u0131n\u0131r tan\u0131mayan bir boyuta ula\u015fm\u0131\u015ft\u0131r. O zalim ablukay\u0131 k\u0131rmak gayesiyle yola \u00e7\u0131kan filoya y\u00f6nelik korsan bask\u0131n, uluslararas\u0131 hukukun pervas\u0131zca \u00e7i\u011fnenmesidir. Filistin halk\u0131n\u0131n ise ama\u2019s\u0131z ve fakat\u2019s\u0131z yan\u0131nday\u0131z.<\/p>\n<p>&#8211; \u0130Y\u0130 Parti Grup Ba\u015fkanvekili Turhan \u00c7\u00f6mez: Sumud Filosu ne yaz\u0131k ki k\u00fcresel barbarl\u0131k taraf\u0131ndan esir al\u0131nm\u0131\u015ft\u0131r ve Akdeniz\u2019de \u0130srail bir korsanl\u0131k yapm\u0131\u015ft\u0131r. Bunu \u015fiddetle k\u0131n\u0131yoruz.<\/p>\n<p>&#8211; Yeni Yol Grup Ba\u015fkanvekili Sel\u00e7uk \u00d6zda\u011f: B\u00fct\u00fcn d\u00fcnya sizi seyrediyor, siz bir katilsiniz ve Gazze\u2019ye ekmek, ila\u00e7 g\u00f6ndermek isteyenlere mani oluyorsunuz. Baz\u0131lar\u0131 \u2018l\u00fctfen\u2019den anlar, baz\u0131lar\u0131 \u2018ulan\u2019dan&#8230;<\/p>\n","protected":false},"excerpt":{"rendered":"<p>\u0130srail\u2019in k\u00fcresel yard\u0131m filosu Sumud\u2019a uluslararas\u0131 sularda m\u00fcdahalesi TBMM\u2019de sert tepkilere neden oldu ve partilerin ortak bildirisiyle k\u0131nand\u0131. Parti&#8230;<\/p>\n","protected":false},"author":2,"featured_media":31128,"comment_status":"open","ping_status":"open","sticky":false,"template":"","format":"standard","meta":{"footnotes":""},"categories":[6,5],"tags":[],"class_list":["post-31129","post","type-post","status-publish","format-standard","has-post-thumbnail","hentry","category-gundem","category-son-dakika"],"_links":{"self":[{"href":"https:\/\/eskigazeteci.com\/index.php?rest_route=\/wp\/v2\/posts\/31129","targetHints":{"allow":["GET"]}}],"collection":[{"href":"https:\/\/eskigazeteci.com\/index.php?rest_route=\/wp\/v2\/posts"}],"about":[{"href":"https:\/\/eskigazeteci.com\/index.php?rest_route=\/wp\/v2\/types\/post"}],"author":[{"embeddable":true,"href":"https:\/\/eskigazeteci.com\/index.php?rest_route=\/wp\/v2\/users\/2"}],"replies":[{"embeddable":true,"href":"https:\/\/eskigazeteci.com\/index.php?rest_route=%2Fwp%2Fv2%2Fcomments&post=31129"}],"version-history":[{"count":0,"href":"https:\/\/eskigazeteci.com\/index.php?rest_route=\/wp\/v2\/posts\/31129\/revisions"}],"wp:featuredmedia":[{"embeddable":true,"href":"https:\/\/eskigazeteci.com\/index.php?rest_route=\/wp\/v2\/media\/31128"}],"wp:attachment":[{"href":"https:\/\/eskigazeteci.com\/index.php?rest_route=%2Fwp%2Fv2%2Fmedia&parent=31129"}],"wp:term":[{"taxonomy":"category","embeddable":true,"href":"https:\/\/eskigazeteci.com\/index.php?rest_route=%2Fwp%2Fv2%2Fcategories&post=31129"},{"taxonomy":"post_tag","embeddable":true,"href":"https:\/\/eskigazeteci.com\/index.php?rest_route=%2Fwp%2Fv2%2Ftags&post=31129"}],"curies":[{"name":"wp","href":"https:\/\/api.w.org\/{rel}","templated":true}]}}