{"id":31123,"date":"2026-05-01T03:55:54","date_gmt":"2026-05-01T03:55:54","guid":{"rendered":"https:\/\/eskigazeteci.com\/?p=31123"},"modified":"2026-05-01T03:55:54","modified_gmt":"2026-05-01T03:55:54","slug":"istanbulda-bazi-yollar-trafige-kapatildi","status":"publish","type":"post","link":"https:\/\/eskigazeteci.com\/?p=31123","title":{"rendered":"\u0130stanbul&#8217;da baz\u0131 yollar trafi\u011fe kapat\u0131ld\u0131"},"content":{"rendered":"<p>Taksim Meydan\u0131 ba\u015fta olmak \u00fczere buraya \u00e7\u0131kan yollar ile Beyo\u011flu, \u015ei\u015fli, Be\u015fikta\u015f , Kad\u0131k\u00f6y ve Kartal&#x27;da baz\u0131 yollarda ara\u00e7 ve yaya ge\u00e7i\u015fine izin verilmiyor.<\/p>\n<p>Taksim Meydan\u0131&#x27;n\u0131 kullanmak isteyen vatanda\u015flar\u0131, polis ekipleri alternatif g\u00fczergahlara y\u00f6nlendiriyor.<\/p>\n<p>M2 Yenikap\u0131-Seyrantepe-Hac\u0131osman metro hatt\u0131n\u0131n Taksim, \u015ei\u015fhane ve Osmanbey metro duraklar\u0131nda (t\u00fcm giri\u015f ve \u00e7\u0131k\u0131\u015f noktalar\u0131 dahil) seferler yap\u0131lmayacak. Mecidiyek\u00f6y Metro \u0130stasyonunun sadece Meydan \u00e7\u0131k\u0131\u015f\u0131n\u0131n a\u00e7\u0131k bulundurulurken, Kabata\u015f-Taksim Meydan F\u00fcnik\u00fcler hatt\u0131 seferleri ile \u0130stiklal Caddesi \u00fczerindeki Nostalji tramvay seferleri durduruldu.<\/p>\n<p>T\u00fcnel Meydan-Karak\u00f6y aras\u0131 F\u00fcnik\u00fcler hatt\u0131, Taksim, Tarlaba\u015f\u0131, \u00d6mer Hayyam ve Tepeba\u015f\u0131 \u0130ETT Otob\u00fcs duraklar\u0131nda (\u015ei\u015fli \u0130stikameti ve Fatih \u0130stikameti olmak \u00fczere \u00e7ift tarafl\u0131) sefer d\u00fczenlenmeyecek.<\/p>\n<p>T3 Kad\u0131k\u00f6y-Moda Tramvay Hatt\u0131&#x27;nda da seferler durduruldu.<\/p>\n<p>\u0130stanbul Valili\u011fi, 1 May\u0131s Emek ve Dayan\u0131\u015fma G\u00fcn\u00fc&#x27;n\u00fc D\u0130SK, KESK, TMMOB ve TTB&#x27;nin Kad\u0131k\u00f6y R\u0131ht\u0131m Meydan\u0131&#x27;nda 10.00-17.00 saatleri aras\u0131nda, TKP&#x27;nin ise Kartal Meydan\u0131&#x27;nda 12.00-19.00 saatleri aras\u0131nda kutlayaca\u011f\u0131n\u0131 bildirmi\u015fti.<\/p>\n<p>T\u00fcrkiye g\u00fcndeminden son dakika haberleri, bug\u00fcn ya\u015fanan en son geli\u015fmeler, siyaset g\u00fcndeminden&#8230;<\/p>\n","protected":false},"excerpt":{"rendered":"<p>\u0130stanbul Valili\u011finin a\u00e7\u0131klad\u0131\u011f\u0131 1 May\u0131s Emek ve Dayan\u0131\u015fma G\u00fcn\u00fc tedbirleri kapsam\u0131nda baz\u0131 yollar trafi\u011fe kapat\u0131ld\u0131.<\/p>\n","protected":false},"author":2,"featured_media":31122,"comment_status":"open","ping_status":"open","sticky":false,"template":"","format":"standard","meta":{"footnotes":""},"categories":[6,5],"tags":[],"class_list":["post-31123","post","type-post","status-publish","format-standard","has-post-thumbnail","hentry","category-gundem","category-son-dakika"],"_links":{"self":[{"href":"https:\/\/eskigazeteci.com\/index.php?rest_route=\/wp\/v2\/posts\/31123","targetHints":{"allow":["GET"]}}],"collection":[{"href":"https:\/\/eskigazeteci.com\/index.php?rest_route=\/wp\/v2\/posts"}],"about":[{"href":"https:\/\/eskigazeteci.com\/index.php?rest_route=\/wp\/v2\/types\/post"}],"author":[{"embeddable":true,"href":"https:\/\/eskigazeteci.com\/index.php?rest_route=\/wp\/v2\/users\/2"}],"replies":[{"embeddable":true,"href":"https:\/\/eskigazeteci.com\/index.php?rest_route=%2Fwp%2Fv2%2Fcomments&post=31123"}],"version-history":[{"count":0,"href":"https:\/\/eskigazeteci.com\/index.php?rest_route=\/wp\/v2\/posts\/31123\/revisions"}],"wp:featuredmedia":[{"embeddable":true,"href":"https:\/\/eskigazeteci.com\/index.php?rest_route=\/wp\/v2\/media\/31122"}],"wp:attachment":[{"href":"https:\/\/eskigazeteci.com\/index.php?rest_route=%2Fwp%2Fv2%2Fmedia&parent=31123"}],"wp:term":[{"taxonomy":"category","embeddable":true,"href":"https:\/\/eskigazeteci.com\/index.php?rest_route=%2Fwp%2Fv2%2Fcategories&post=31123"},{"taxonomy":"post_tag","embeddable":true,"href":"https:\/\/eskigazeteci.com\/index.php?rest_route=%2Fwp%2Fv2%2Ftags&post=31123"}],"curies":[{"name":"wp","href":"https:\/\/api.w.org\/{rel}","templated":true}]}}