{"id":31121,"date":"2026-05-01T03:05:59","date_gmt":"2026-05-01T03:05:59","guid":{"rendered":"https:\/\/eskigazeteci.com\/?p=31121"},"modified":"2026-05-01T03:05:59","modified_gmt":"2026-05-01T03:05:59","slug":"balikesirde-yolcu-otobusu-devrildi-cok-sayida-yarali-var","status":"publish","type":"post","link":"https:\/\/eskigazeteci.com\/?p=31121","title":{"rendered":"Bal\u0131kesir&#8217;de yolcu otob\u00fcs\u00fc devrildi; \u00e7ok say\u0131da yaral\u0131 var"},"content":{"rendered":"<p>Kaza , saat 03.30 s\u0131ralar\u0131nda K\u00fclefli Kav\u015fa\u011f\u0131\u2019nda meydana geldi. Tekirda\u011f-\u0130zmir istikametine ilerleyen 35 PK 328 plakal\u0131 yolcu otob\u00fcs\u00fc , \u015fof\u00f6r\u00fcn\u00fcn direksiyon hakimiyetini kaybetmesi sonucu devrildi. \u0130hbar \u00fczerine kaza yerine sa\u011fl\u0131k, itfaiye ve polis ekipleri sevk edildi. Yaral\u0131lar, sa\u011fl\u0131k ekiplerinin ilk m\u00fcdahalesinin ard\u0131ndan ambulanslarla \u00e7evre hastanelere kald\u0131r\u0131ld\u0131.<\/p>\n<p>Polis, kazayla ilgili soru\u015fturma ba\u015flatt\u0131.<\/p>\n<p>T\u00fcrkiye g\u00fcndeminden son dakika haberleri, bug\u00fcn ya\u015fanan en son geli\u015fmeler, siyaset g\u00fcndeminden g\u00fcncel haberler ve b\u00fct\u00fcn son dakika haberleri i\u00e7in H\u00fcrriyet&#x27;in internet haber sitesi hurriyet.com.tr; Hurriyet.com.tr haber i\u00e7erikleri kaynak g\u00f6sterilmeden al\u0131nt\u0131 yap\u0131lamaz, Kanuna ayk\u0131r\u0131 ve izinsiz olarak kopyalanamaz, ba\u015fka yerde yay\u0131nlanamaz.<\/p>\n","protected":false},"excerpt":{"rendered":"<p>Bal\u0131kesir&#8217;in Band\u0131rma il\u00e7esinde \u015fof\u00f6r\u00fcn\u00fcn direksiyon hakimiyetini kaybetti\u011fi yolcu otob\u00fcs\u00fcn\u00fcn devrilmesi sonucu \u00e7ok say\u0131da ki\u015fi yaraland\u0131. \u0130hbar \u00fczerine kaza&#8230;<\/p>\n","protected":false},"author":2,"featured_media":31120,"comment_status":"open","ping_status":"open","sticky":false,"template":"","format":"standard","meta":{"footnotes":""},"categories":[6,5],"tags":[],"class_list":["post-31121","post","type-post","status-publish","format-standard","has-post-thumbnail","hentry","category-gundem","category-son-dakika"],"_links":{"self":[{"href":"https:\/\/eskigazeteci.com\/index.php?rest_route=\/wp\/v2\/posts\/31121","targetHints":{"allow":["GET"]}}],"collection":[{"href":"https:\/\/eskigazeteci.com\/index.php?rest_route=\/wp\/v2\/posts"}],"about":[{"href":"https:\/\/eskigazeteci.com\/index.php?rest_route=\/wp\/v2\/types\/post"}],"author":[{"embeddable":true,"href":"https:\/\/eskigazeteci.com\/index.php?rest_route=\/wp\/v2\/users\/2"}],"replies":[{"embeddable":true,"href":"https:\/\/eskigazeteci.com\/index.php?rest_route=%2Fwp%2Fv2%2Fcomments&post=31121"}],"version-history":[{"count":0,"href":"https:\/\/eskigazeteci.com\/index.php?rest_route=\/wp\/v2\/posts\/31121\/revisions"}],"wp:featuredmedia":[{"embeddable":true,"href":"https:\/\/eskigazeteci.com\/index.php?rest_route=\/wp\/v2\/media\/31120"}],"wp:attachment":[{"href":"https:\/\/eskigazeteci.com\/index.php?rest_route=%2Fwp%2Fv2%2Fmedia&parent=31121"}],"wp:term":[{"taxonomy":"category","embeddable":true,"href":"https:\/\/eskigazeteci.com\/index.php?rest_route=%2Fwp%2Fv2%2Fcategories&post=31121"},{"taxonomy":"post_tag","embeddable":true,"href":"https:\/\/eskigazeteci.com\/index.php?rest_route=%2Fwp%2Fv2%2Ftags&post=31121"}],"curies":[{"name":"wp","href":"https:\/\/api.w.org\/{rel}","templated":true}]}}