{"id":31115,"date":"2026-05-01T00:47:13","date_gmt":"2026-05-01T00:47:13","guid":{"rendered":"https:\/\/eskigazeteci.com\/?p=31115"},"modified":"2026-05-01T00:47:13","modified_gmt":"2026-05-01T00:47:13","slug":"adanada-zincirleme-kazasi-1-olu-4-yarali","status":"publish","type":"post","link":"https:\/\/eskigazeteci.com\/?p=31115","title":{"rendered":"Adana&#8217;da Zincirleme Kazas\u0131: 1 \u00d6l\u00fc, 4 Yaral\u0131"},"content":{"rendered":"<p>Kazada 1 ki\u015fi hayat\u0131n\u0131 kaybederken, 4 ki\u015fi yaraland\u0131. Kazaya sebebiyet verdi\u011fi \u00f6ne s\u00fcr\u00fclen s\u00fcr\u00fcc\u00fc&#8230; O.M.&#x27;yi yakalamak i\u00e7in \u00e7al\u0131\u015fma ba\u015flatt\u0131.<\/p>\n","protected":false},"excerpt":{"rendered":"<p>Kaza, saat 22.00 s\u0131ralar\u0131nda Kozan il\u00e7esine ba\u011fl\u0131 \u00c7anakl\u0131 Mahallesi G\u00fcneri Caddesi&#8217;nde meydana geldi.<\/p>\n","protected":false},"author":2,"featured_media":31114,"comment_status":"open","ping_status":"open","sticky":false,"template":"","format":"standard","meta":{"footnotes":""},"categories":[6,5],"tags":[],"class_list":["post-31115","post","type-post","status-publish","format-standard","has-post-thumbnail","hentry","category-gundem","category-son-dakika"],"_links":{"self":[{"href":"https:\/\/eskigazeteci.com\/index.php?rest_route=\/wp\/v2\/posts\/31115","targetHints":{"allow":["GET"]}}],"collection":[{"href":"https:\/\/eskigazeteci.com\/index.php?rest_route=\/wp\/v2\/posts"}],"about":[{"href":"https:\/\/eskigazeteci.com\/index.php?rest_route=\/wp\/v2\/types\/post"}],"author":[{"embeddable":true,"href":"https:\/\/eskigazeteci.com\/index.php?rest_route=\/wp\/v2\/users\/2"}],"replies":[{"embeddable":true,"href":"https:\/\/eskigazeteci.com\/index.php?rest_route=%2Fwp%2Fv2%2Fcomments&post=31115"}],"version-history":[{"count":0,"href":"https:\/\/eskigazeteci.com\/index.php?rest_route=\/wp\/v2\/posts\/31115\/revisions"}],"wp:featuredmedia":[{"embeddable":true,"href":"https:\/\/eskigazeteci.com\/index.php?rest_route=\/wp\/v2\/media\/31114"}],"wp:attachment":[{"href":"https:\/\/eskigazeteci.com\/index.php?rest_route=%2Fwp%2Fv2%2Fmedia&parent=31115"}],"wp:term":[{"taxonomy":"category","embeddable":true,"href":"https:\/\/eskigazeteci.com\/index.php?rest_route=%2Fwp%2Fv2%2Fcategories&post=31115"},{"taxonomy":"post_tag","embeddable":true,"href":"https:\/\/eskigazeteci.com\/index.php?rest_route=%2Fwp%2Fv2%2Ftags&post=31115"}],"curies":[{"name":"wp","href":"https:\/\/api.w.org\/{rel}","templated":true}]}}