{"id":31113,"date":"2026-05-01T00:45:49","date_gmt":"2026-05-01T00:45:49","guid":{"rendered":"https:\/\/eskigazeteci.com\/?p=31113"},"modified":"2026-05-01T00:45:49","modified_gmt":"2026-05-01T00:45:49","slug":"adanada-komsularin-muzik-kavgasinda-kan-dokuldu-5-yarali","status":"publish","type":"post","link":"https:\/\/eskigazeteci.com\/?p=31113","title":{"rendered":"Adana&#8217;da kom\u015fular\u0131n m\u00fczik kavgas\u0131nda kan d\u00f6k\u00fcld\u00fc: 5 yaral\u0131"},"content":{"rendered":"<p>Olay, Y\u00fcre\u011fir il\u00e7esine ba\u011fl\u0131 Yenido\u011fan Mahallesi\u2019nde meydana geldi. \u0130ddiaya g\u00f6re, kom\u015fu iki grup aras\u0131nda y\u00fcksek sesle m\u00fczik dinleme nedeniyle \u00e7\u0131kan tart\u0131\u015fma, k\u0131sa s\u00fcrede b\u00fcy\u00fcyerek kavgaya d\u00f6n\u00fc\u015ft\u00fc. Kavga s\u0131ras\u0131nda tabanca ve pompal\u0131 t\u00fcfekle ate\u015f a\u00e7\u0131ld\u0131. A\u00e7\u0131lan ate\u015f sonucu \u00d6mer S. ve H\u00fcseyin T. pompal\u0131 t\u00fcfekle, Co\u015fkun K. ise tabancayla yaraland\u0131. Ayr\u0131ca 2 ki\u015fi darp sonucu yaraland\u0131.<\/p>\n<p>\u0130hbar \u00fczerine olay yerine sevk edilen sa\u011fl\u0131k ve polis ekipleri, yaral\u0131lar\u0131 kentteki \u00e7e\u015fitli hastanelere kald\u0131rd\u0131. Yaral\u0131lar\u0131n sa\u011fl\u0131k durumlar\u0131n\u0131n iyi oldu\u011fu \u00f6\u011frenildi.<\/p>\n<p>Polis ekipleri olayda kullan\u0131lan pompal\u0131 t\u00fcfek ve tabancaya el koyarken, ka\u00e7an \u015f\u00fcphelilerin yakalanmas\u0131 i\u00e7in \u00e7al\u0131\u015fma ba\u015flatt\u0131.<\/p>\n<p>T\u00fcrkiye g\u00fcndeminden son dakika haberleri, bug\u00fcn ya\u015fanan en son geli\u015fmeler, siyaset g\u00fcndeminden g\u00fcncel haberler ve b\u00fct\u00fcn son dakika haberleri i\u00e7in H\u00fcrriyet&#x27;in internet haber sitesi hurriyet.com.tr; Hurriyet.com.tr haber i\u00e7erikleri kaynak g\u00f6sterilmeden al\u0131nt\u0131 yap\u0131lamaz, Kanuna ayk\u0131r\u0131 ve izinsiz olarak kopyalanamaz, ba\u015fka yerde yay\u0131nlanamaz.<\/p>\n","protected":false},"excerpt":{"rendered":"<p>Adana\u2019da kom\u015fular aras\u0131nda y\u00fcksek sesle m\u00fczik dinleme meselesi y\u00fcz\u00fcnden \u00e7\u0131kan tart\u0131\u015fma, k\u0131sa s\u00fcrede silahl\u0131 kavgaya d\u00f6n\u00fc\u015ft\u00fc. Tabanca ve pompal\u0131 t\u00fcfe\u011fin&#8230;<\/p>\n","protected":false},"author":2,"featured_media":31112,"comment_status":"open","ping_status":"open","sticky":false,"template":"","format":"standard","meta":{"footnotes":""},"categories":[6,5],"tags":[],"class_list":["post-31113","post","type-post","status-publish","format-standard","has-post-thumbnail","hentry","category-gundem","category-son-dakika"],"_links":{"self":[{"href":"https:\/\/eskigazeteci.com\/index.php?rest_route=\/wp\/v2\/posts\/31113","targetHints":{"allow":["GET"]}}],"collection":[{"href":"https:\/\/eskigazeteci.com\/index.php?rest_route=\/wp\/v2\/posts"}],"about":[{"href":"https:\/\/eskigazeteci.com\/index.php?rest_route=\/wp\/v2\/types\/post"}],"author":[{"embeddable":true,"href":"https:\/\/eskigazeteci.com\/index.php?rest_route=\/wp\/v2\/users\/2"}],"replies":[{"embeddable":true,"href":"https:\/\/eskigazeteci.com\/index.php?rest_route=%2Fwp%2Fv2%2Fcomments&post=31113"}],"version-history":[{"count":0,"href":"https:\/\/eskigazeteci.com\/index.php?rest_route=\/wp\/v2\/posts\/31113\/revisions"}],"wp:featuredmedia":[{"embeddable":true,"href":"https:\/\/eskigazeteci.com\/index.php?rest_route=\/wp\/v2\/media\/31112"}],"wp:attachment":[{"href":"https:\/\/eskigazeteci.com\/index.php?rest_route=%2Fwp%2Fv2%2Fmedia&parent=31113"}],"wp:term":[{"taxonomy":"category","embeddable":true,"href":"https:\/\/eskigazeteci.com\/index.php?rest_route=%2Fwp%2Fv2%2Fcategories&post=31113"},{"taxonomy":"post_tag","embeddable":true,"href":"https:\/\/eskigazeteci.com\/index.php?rest_route=%2Fwp%2Fv2%2Ftags&post=31113"}],"curies":[{"name":"wp","href":"https:\/\/api.w.org\/{rel}","templated":true}]}}