{"id":31107,"date":"2026-04-30T22:07:10","date_gmt":"2026-04-30T22:07:10","guid":{"rendered":"https:\/\/eskigazeteci.com\/?p=31107"},"modified":"2026-04-30T22:07:10","modified_gmt":"2026-04-30T22:07:10","slug":"bugun-resmi-gazete-kararlari-1-mayis-2026","status":"publish","type":"post","link":"https:\/\/eskigazeteci.com\/?p=31107","title":{"rendered":"Bug\u00fcn Resmi Gazete kararlar\u0131 (1 May\u0131s 2026)"},"content":{"rendered":"<p>Bug\u00fcn 1 May\u0131s 2026 tarihli ve 33240 say\u0131l\u0131 Resm\u00ee Gazete kararlar\u0131 ve atamalar\u0131 yay\u0131mland\u0131. Buna g\u00f6re do\u011fum izni s\u00fcresinin uzat\u0131lmas\u0131n\u0131 uzatan kanun y\u00fcr\u00fcrl\u00fc\u011fe girdi. Cumhurba\u015fkan\u0131 Recep Tayyip Erdo\u011fan&#x27;\u0131n imzas\u0131yla Resmi Gazete&#x27;de yay\u0131mlanan kararnameye g\u00f6re kamu ve \u00f6zel sekt\u00f6rde \u00e7al\u0131\u015fan anneleri kapsayan d\u00fczenleme ile izin s\u00fcresi; do\u011fum \u00f6ncesi 8 hafta ve do\u011fum sonras\u0131 16 hafta olmak \u00fczere toplamda 24 haftaya y\u00fckseltildi. \u0130\u015fte, 1 May\u0131s Resmi Gazete kararlar\u0131.<\/p>\n<p>Do\u011fum iznini 24 haftaya \u00e7\u0131karan d\u00fczenleme Resmi Gazete&#x27;de yay\u0131mlanarak y\u00fcr\u00fcrl\u00fc\u011fe girdi. D\u00fczenleme ile \u00e7al\u0131\u015fan annelerin do\u011fum sonras\u0131 izin haklar\u0131 geni\u015fletildi, 16 haftadan 24 haftaya y\u00fckseltildi. Do\u011fum izni yeni sona ermi\u015f anneler de belirli \u015fartlar\u0131 sa\u011flamalar\u0131 halinde izinlerini 24 haftaya tamamlayabilecek. D\u00fczenleme ile \u00f6zel sekt\u00f6r \u00e7al\u0131\u015fanlar\u0131n\u0131n babal\u0131k izni de kamu \u00e7al\u0131\u015fanlar\u0131nda oldu\u011fu gibi 10 g\u00fcne \u00e7\u0131kar\u0131ld\u0131.<\/p>\n<p>Do\u011fum iznini 24 haftaya \u00e7\u0131karan d\u00fczenleme Resmi Gazete&#x27;de yay\u0131mlanarak y\u00fcr\u00fcrl\u00fc\u011fe girdi. D\u00fczenleme ile \u00e7al\u0131\u015fan annelerin do\u011fum sonras\u0131 izin haklar\u0131 geni\u015fletildi, 16 haftadan 24 haftaya y\u00fckseltildi. Do\u011fum izni yeni sona ermi\u015f anneler de belirli \u015fartlar\u0131 sa\u011flamalar\u0131 halinde izinlerini 24 haftaya tamamlayabilecek&#8230;.<\/p>\n","protected":false},"excerpt":{"rendered":"<p>1 May\u0131s 2026 Resmi Gazete kararlar\u0131 belli oldu. Cumhurba\u015fkanl\u0131\u011f\u0131 Kararnameleri, atama kararlar\u0131 ve yeni y\u00f6netmeliklerin de yer ald\u0131\u011f\u0131 33240 say\u0131l\u0131 Resm\u00ee&#8230;<\/p>\n","protected":false},"author":2,"featured_media":31106,"comment_status":"open","ping_status":"open","sticky":false,"template":"","format":"standard","meta":{"footnotes":""},"categories":[6,5],"tags":[],"class_list":["post-31107","post","type-post","status-publish","format-standard","has-post-thumbnail","hentry","category-gundem","category-son-dakika"],"_links":{"self":[{"href":"https:\/\/eskigazeteci.com\/index.php?rest_route=\/wp\/v2\/posts\/31107","targetHints":{"allow":["GET"]}}],"collection":[{"href":"https:\/\/eskigazeteci.com\/index.php?rest_route=\/wp\/v2\/posts"}],"about":[{"href":"https:\/\/eskigazeteci.com\/index.php?rest_route=\/wp\/v2\/types\/post"}],"author":[{"embeddable":true,"href":"https:\/\/eskigazeteci.com\/index.php?rest_route=\/wp\/v2\/users\/2"}],"replies":[{"embeddable":true,"href":"https:\/\/eskigazeteci.com\/index.php?rest_route=%2Fwp%2Fv2%2Fcomments&post=31107"}],"version-history":[{"count":0,"href":"https:\/\/eskigazeteci.com\/index.php?rest_route=\/wp\/v2\/posts\/31107\/revisions"}],"wp:featuredmedia":[{"embeddable":true,"href":"https:\/\/eskigazeteci.com\/index.php?rest_route=\/wp\/v2\/media\/31106"}],"wp:attachment":[{"href":"https:\/\/eskigazeteci.com\/index.php?rest_route=%2Fwp%2Fv2%2Fmedia&parent=31107"}],"wp:term":[{"taxonomy":"category","embeddable":true,"href":"https:\/\/eskigazeteci.com\/index.php?rest_route=%2Fwp%2Fv2%2Fcategories&post=31107"},{"taxonomy":"post_tag","embeddable":true,"href":"https:\/\/eskigazeteci.com\/index.php?rest_route=%2Fwp%2Fv2%2Ftags&post=31107"}],"curies":[{"name":"wp","href":"https:\/\/api.w.org\/{rel}","templated":true}]}}