{"id":31103,"date":"2026-04-30T21:45:41","date_gmt":"2026-04-30T21:45:41","guid":{"rendered":"https:\/\/eskigazeteci.com\/?p=31103"},"modified":"2026-04-30T21:45:41","modified_gmt":"2026-04-30T21:45:41","slug":"istanbulda-toplu-ulasima-1-mayis-duzenlemesi","status":"publish","type":"post","link":"https:\/\/eskigazeteci.com\/?p=31103","title":{"rendered":"\u0130stanbul&#8217;da toplu ula\u015f\u0131ma 1 May\u0131s d\u00fczenlemesi"},"content":{"rendered":"<p>Metro \u0130stanbul&#x27;un a\u00e7\u0131klamas\u0131nda \u0130stanbul Valili\u011finin ald\u0131\u011f\u0131 karar do\u011frultusunda ikinci duyuruya kadar bug\u00fcn yap\u0131lacak seferlere ili\u015fkin \u015fu bilgiye yer verildi:<\/p>\n<p>&quot;M2 Yenikap\u0131-Hac\u0131osman metro hatt\u0131m\u0131z\u0131n \u015ei\u015fhane, Taksim, Osmanbey istasyonlar\u0131 i\u015fletmeye kapal\u0131 olacak ve ara\u00e7lar\u0131m\u0131z bu istasyonlarda durmayarak seferine devam edecektir. F1 Taksim-Kabata\u015f f\u00fcnik\u00fcler ile T3 Kad\u0131k\u00f6y-Moda tramvay hatt\u0131m\u0131z i\u015fletmeye kapal\u0131 olacakt\u0131r. Ayr\u0131ca, \u015ei\u015fli-Mecidiyek\u00f6y istasyonunun Meydan \u00e7\u0131k\u0131\u015f\u0131 d\u0131\u015f\u0131ndaki t\u00fcm giri\u015f \u00e7\u0131k\u0131\u015flar\u0131 yolcu kullan\u0131m\u0131na kapat\u0131lacakt\u0131r.&quot;<\/p>\n<p>T\u00fcrkiye g\u00fcndeminden son dakika haberleri, bug\u00fcn ya\u015fanan en son geli\u015fmeler, siyaset g\u00fcndeminden g\u00fcncel haberler ve b\u00fct\u00fcn son dakika haberleri i\u00e7in H\u00fcrriyet&#x27;in internet haber sitesi hurriyet.com.tr; Hurriyet.com.tr haber i\u00e7erikleri kaynak g\u00f6sterilmeden al\u0131nt\u0131 yap\u0131lamaz, Kanuna ayk\u0131r\u0131 ve izinsiz olarak kopyalanamaz, ba\u015fka yerde yay\u0131nlanamaz.<\/p>\n","protected":false},"excerpt":{"rendered":"<p>\u0130stanbul&#8217;da 1 May\u0131s Emek ve Dayan\u0131\u015fma G\u00fcn\u00fc dolay\u0131s\u0131yla baz\u0131 metro, tramvay ve f\u00fcnik\u00fcler seferlerinde d\u00fczenleme yap\u0131ld\u0131\u011f\u0131 bildirildi.<\/p>\n","protected":false},"author":2,"featured_media":31102,"comment_status":"open","ping_status":"open","sticky":false,"template":"","format":"standard","meta":{"footnotes":""},"categories":[6,5],"tags":[],"class_list":["post-31103","post","type-post","status-publish","format-standard","has-post-thumbnail","hentry","category-gundem","category-son-dakika"],"_links":{"self":[{"href":"https:\/\/eskigazeteci.com\/index.php?rest_route=\/wp\/v2\/posts\/31103","targetHints":{"allow":["GET"]}}],"collection":[{"href":"https:\/\/eskigazeteci.com\/index.php?rest_route=\/wp\/v2\/posts"}],"about":[{"href":"https:\/\/eskigazeteci.com\/index.php?rest_route=\/wp\/v2\/types\/post"}],"author":[{"embeddable":true,"href":"https:\/\/eskigazeteci.com\/index.php?rest_route=\/wp\/v2\/users\/2"}],"replies":[{"embeddable":true,"href":"https:\/\/eskigazeteci.com\/index.php?rest_route=%2Fwp%2Fv2%2Fcomments&post=31103"}],"version-history":[{"count":0,"href":"https:\/\/eskigazeteci.com\/index.php?rest_route=\/wp\/v2\/posts\/31103\/revisions"}],"wp:featuredmedia":[{"embeddable":true,"href":"https:\/\/eskigazeteci.com\/index.php?rest_route=\/wp\/v2\/media\/31102"}],"wp:attachment":[{"href":"https:\/\/eskigazeteci.com\/index.php?rest_route=%2Fwp%2Fv2%2Fmedia&parent=31103"}],"wp:term":[{"taxonomy":"category","embeddable":true,"href":"https:\/\/eskigazeteci.com\/index.php?rest_route=%2Fwp%2Fv2%2Fcategories&post=31103"},{"taxonomy":"post_tag","embeddable":true,"href":"https:\/\/eskigazeteci.com\/index.php?rest_route=%2Fwp%2Fv2%2Ftags&post=31103"}],"curies":[{"name":"wp","href":"https:\/\/api.w.org\/{rel}","templated":true}]}}