{"id":31101,"date":"2026-04-30T21:37:08","date_gmt":"2026-04-30T21:37:08","guid":{"rendered":"https:\/\/eskigazeteci.com\/?p=31101"},"modified":"2026-04-30T21:37:08","modified_gmt":"2026-04-30T21:37:08","slug":"son-dakika-dogum-izni-24-haftaya-cikti-karar-resmi-gazetede-yayimlandi","status":"publish","type":"post","link":"https:\/\/eskigazeteci.com\/?p=31101","title":{"rendered":"Son dakika&#8230; Do\u011fum izni 24 haftaya \u00e7\u0131kt\u0131&#8230; Karar Resmi Gazete&#8217;de yay\u0131mland\u0131"},"content":{"rendered":"<p>Do\u011fum iznini 24 haftaya \u00e7\u0131karan d\u00fczenleme Resmi Gazete &#x27;de yay\u0131mlanarak y\u00fcr\u00fcrl\u00fc\u011fe girdi.<\/p>\n<p>D\u00fczenleme ile \u00e7al\u0131\u015fan annelerin do\u011fum sonras\u0131 izin haklar\u0131 geni\u015fletildi, 16 haftadan 24 haftaya y\u00fckseltildi. Do\u011fum izni yeni sona ermi\u015f anneler de belirli \u015fartlar\u0131 sa\u011flamalar\u0131 halinde izinlerini 24 haftaya tamamlayabilecek.<\/p>\n<p>D\u00fczenleme ile \u00f6zel sekt\u00f6r \u00e7al\u0131\u015fanlar\u0131n\u0131n babal\u0131k izni de kamu \u00e7al\u0131\u015fanlar\u0131nda oldu\u011fu gibi 10 g\u00fcne \u00e7\u0131kar\u0131ld\u0131.<\/p>\n<p>T\u00fcrkiye g\u00fcndeminden son dakika haberleri, bug\u00fcn ya\u015fanan en son geli\u015fmeler, siyaset g\u00fcndeminden g\u00fcncel haberler ve b\u00fct\u00fcn son dakika haberleri i\u00e7in H\u00fcrriyet&#x27;in internet haber sitesi hurriyet.com.tr; Hurriyet.com.tr haber i\u00e7erikleri kaynak g\u00f6sterilmeden al\u0131nt\u0131 yap\u0131lamaz, Kanuna ayk\u0131r\u0131 ve izinsiz olarak kopyalanamaz, ba\u015fka yerde yay\u0131nlanamaz.<\/p>\n","protected":false},"excerpt":{"rendered":"<p>Son dakika haberi&#8230; Cumhurba\u015fkan\u0131 Recep Tayyip Erdo\u011fan&#8217;\u0131n imzas\u0131yla Resmi Gazete&#8217;de yay\u0131mlanan kararnameye g\u00f6re kamu ve \u00f6zel sekt\u00f6rde \u00e7al\u0131\u015fan anneleri&#8230;<\/p>\n","protected":false},"author":2,"featured_media":31100,"comment_status":"open","ping_status":"open","sticky":false,"template":"","format":"standard","meta":{"footnotes":""},"categories":[6,5],"tags":[],"class_list":["post-31101","post","type-post","status-publish","format-standard","has-post-thumbnail","hentry","category-gundem","category-son-dakika"],"_links":{"self":[{"href":"https:\/\/eskigazeteci.com\/index.php?rest_route=\/wp\/v2\/posts\/31101","targetHints":{"allow":["GET"]}}],"collection":[{"href":"https:\/\/eskigazeteci.com\/index.php?rest_route=\/wp\/v2\/posts"}],"about":[{"href":"https:\/\/eskigazeteci.com\/index.php?rest_route=\/wp\/v2\/types\/post"}],"author":[{"embeddable":true,"href":"https:\/\/eskigazeteci.com\/index.php?rest_route=\/wp\/v2\/users\/2"}],"replies":[{"embeddable":true,"href":"https:\/\/eskigazeteci.com\/index.php?rest_route=%2Fwp%2Fv2%2Fcomments&post=31101"}],"version-history":[{"count":0,"href":"https:\/\/eskigazeteci.com\/index.php?rest_route=\/wp\/v2\/posts\/31101\/revisions"}],"wp:featuredmedia":[{"embeddable":true,"href":"https:\/\/eskigazeteci.com\/index.php?rest_route=\/wp\/v2\/media\/31100"}],"wp:attachment":[{"href":"https:\/\/eskigazeteci.com\/index.php?rest_route=%2Fwp%2Fv2%2Fmedia&parent=31101"}],"wp:term":[{"taxonomy":"category","embeddable":true,"href":"https:\/\/eskigazeteci.com\/index.php?rest_route=%2Fwp%2Fv2%2Fcategories&post=31101"},{"taxonomy":"post_tag","embeddable":true,"href":"https:\/\/eskigazeteci.com\/index.php?rest_route=%2Fwp%2Fv2%2Ftags&post=31101"}],"curies":[{"name":"wp","href":"https:\/\/api.w.org\/{rel}","templated":true}]}}