{"id":31099,"date":"2026-04-30T21:35:36","date_gmt":"2026-04-30T21:35:36","guid":{"rendered":"https:\/\/eskigazeteci.com\/?p=31099"},"modified":"2026-04-30T21:35:36","modified_gmt":"2026-04-30T21:35:36","slug":"kurban-bayrami-2026-tatili-kac-gun-son-dakika","status":"publish","type":"post","link":"https:\/\/eskigazeteci.com\/?p=31099","title":{"rendered":"KURBAN BAYRAMI 2026 TAT\u0130L\u0130 KA\u00c7 G\u00dcN SON DAK\u0130KA"},"content":{"rendered":"<p>Kurban Bayram\u0131 tatili tarihi ve g\u00fcnleri 2026 i\u00e7in geri say\u0131m ba\u015flad\u0131. Milyonlarca ki\u015fi, yakla\u015f\u0131k 1 ay sonra Kurban Bayram\u0131 tatili i\u00e7in yola \u00e7\u0131kacak. Ramazan Bayram\u0131&#x27;ndan sonra gelen Kurban Bayram\u0131 bu sene May\u0131s ay\u0131nda idrak edilecek.1 May\u0131s (Cuma) Emek ve Dayan\u0131\u015fma G\u00fcn\u00fc, 19 May\u0131s (Sal\u0131) Atat\u00fcrk&#x27;\u00fc Anma Gen\u00e7lik ve Spor Bayram\u0131 ve Kurban Bayram\u0131 ile may\u0131s ay\u0131n\u0131n yar\u0131s\u0131 resmi tatil olacak. Hafta sonu tatilleriyle birlikte (Cumartesi ve Pazar g\u00fcnleri dahil), May\u0131s ay\u0131nda toplam izinli g\u00fcn say\u0131s\u0131 15,5 g\u00fcn olarak hesaplan\u0131yor. Bu sene Kurban Bayram\u0131&#x27;n\u0131n 4. g\u00fcn\u00fc Cumartesiye denk gelse de, 25 May\u0131s Pazartesi g\u00fcn\u00fc i\u00e7in izin alarak veya olas\u0131 bir h\u00fck\u00fcmet karar\u0131yla tatilin 9 g\u00fcne uzat\u0131lmas\u0131 imkan\u0131 bulunuyor. Bu durumda bayram tatilinin pazartesi g\u00fcn\u00fc idari izin kapsam\u0131na al\u0131nmas\u0131 halinde 9 g\u00fcne uzamas\u0131 \u00f6n g\u00f6r\u00fcl\u00fcyor. Bayram tatili rotalar\u0131n\u0131 olu\u015fturmak isteyenler \u015fimdiden &#x27;Kurban Bayram\u0131 ne zaman&#x27; &#x27;Kurban Bayram\u0131 tatili ka\u00e7 g\u00fcn olacak&#x27; sorular\u0131na yan\u0131t ar\u0131yor. Peki, Kurban Bayram\u0131 ne zaman, hangi tarihte? Kurban Bayram\u0131 tatili 9 g\u00fcn olacak m\u0131, uzayacak m\u0131? \u0130\u015fte, arefe g\u00fcn\u00fc ve 2026 Kurban Bayram\u0131 tatili takvimi!<\/p>\n<p>Diyanet \u0130\u015fleri Ba\u015fkanl\u0131\u011f\u0131 taraf\u0131ndan payla\u015f\u0131lan dini g\u00fcnler takvimine g\u00f6re, 2026&#8230;<\/p>\n","protected":false},"excerpt":{"rendered":"<p>Kurban Bayram\u0131 tatili tarihi ve g\u00fcnleri 2026 i\u00e7in geri say\u0131m ba\u015flad\u0131. Milyonlarca ki\u015fi, yakla\u015f\u0131k 1 ay sonra Kurban Bayram\u0131 tatili i\u00e7in yola \u00e7\u0131kacak. Ramazan&#8230;<\/p>\n","protected":false},"author":2,"featured_media":31098,"comment_status":"open","ping_status":"open","sticky":false,"template":"","format":"standard","meta":{"footnotes":""},"categories":[6,5],"tags":[],"class_list":["post-31099","post","type-post","status-publish","format-standard","has-post-thumbnail","hentry","category-gundem","category-son-dakika"],"_links":{"self":[{"href":"https:\/\/eskigazeteci.com\/index.php?rest_route=\/wp\/v2\/posts\/31099","targetHints":{"allow":["GET"]}}],"collection":[{"href":"https:\/\/eskigazeteci.com\/index.php?rest_route=\/wp\/v2\/posts"}],"about":[{"href":"https:\/\/eskigazeteci.com\/index.php?rest_route=\/wp\/v2\/types\/post"}],"author":[{"embeddable":true,"href":"https:\/\/eskigazeteci.com\/index.php?rest_route=\/wp\/v2\/users\/2"}],"replies":[{"embeddable":true,"href":"https:\/\/eskigazeteci.com\/index.php?rest_route=%2Fwp%2Fv2%2Fcomments&post=31099"}],"version-history":[{"count":0,"href":"https:\/\/eskigazeteci.com\/index.php?rest_route=\/wp\/v2\/posts\/31099\/revisions"}],"wp:featuredmedia":[{"embeddable":true,"href":"https:\/\/eskigazeteci.com\/index.php?rest_route=\/wp\/v2\/media\/31098"}],"wp:attachment":[{"href":"https:\/\/eskigazeteci.com\/index.php?rest_route=%2Fwp%2Fv2%2Fmedia&parent=31099"}],"wp:term":[{"taxonomy":"category","embeddable":true,"href":"https:\/\/eskigazeteci.com\/index.php?rest_route=%2Fwp%2Fv2%2Fcategories&post=31099"},{"taxonomy":"post_tag","embeddable":true,"href":"https:\/\/eskigazeteci.com\/index.php?rest_route=%2Fwp%2Fv2%2Ftags&post=31099"}],"curies":[{"name":"wp","href":"https:\/\/api.w.org\/{rel}","templated":true}]}}