{"id":31097,"date":"2026-04-30T21:25:35","date_gmt":"2026-04-30T21:25:35","guid":{"rendered":"https:\/\/eskigazeteci.com\/?p=31097"},"modified":"2026-04-30T21:25:35","modified_gmt":"2026-04-30T21:25:35","slug":"demir-ege-tiknaz-atti-braga-sahasinda-freiburgu-devirdi","status":"publish","type":"post","link":"https:\/\/eskigazeteci.com\/?p=31097","title":{"rendered":"Demir Ege T\u0131knaz att\u0131, Braga sahas\u0131nda Freiburg\u2019u devirdi!"},"content":{"rendered":"<p>UEFA Avrupa Ligi yar\u0131 final ilk ma\u00e7\u0131nda Braga sahas\u0131nda Freiburg\u2019u konuk etti.<\/p>\n<p>Estadio Municipal De Braga\u2019da oynanan kar\u015f\u0131la\u015fmada \u0130ngiltere Futbol Federasyonu\u2019ndan Anthony Taylor d\u00fcd\u00fck \u00e7ald\u0131. Taylor\u2019\u0131n yard\u0131mc\u0131l\u0131klar\u0131n\u0131 Gary Beswick ve Adam Nunn \u00fcstlendi. Braga, milli futbolcu Demir Ege T\u0131knaz\u2019\u0131n 8\u2019inci dakikada att\u0131\u011f\u0131 golle \u00f6ne ge\u00e7ti. Freiburg bu gole 16\u2019nc\u0131 dakikada Grifo\u2019nun gol\u00fcyle cevap verdi: 1-1. Braga\u2019da Zalazar, 45+2\u2019nci dakikada penalt\u0131 at\u0131\u015f\u0131ndan faydalanamad\u0131 ve ilk yar\u0131 1-1\u2019lik e\u015fitlikle sona erdi.<\/p>\n<p>Portekiz ekibinde 90+2\u2019nci dakikada sahneye \u00e7\u0131kan Dorgeles, tak\u0131m\u0131na galibiyeti getiren gol\u00fc kaydetti. Kar\u015f\u0131la\u015fmada ba\u015fka gol olmad\u0131 ve Braga sahas\u0131nda Freiburg \u2019u 2-1 ma\u011flup etti. M\u00fccadeleye ilk 11\u2019de ba\u015flayan milli futbolcu Demir Ege T\u0131knaz , 90 dakikada sahada kald\u0131. Demir Ege, att\u0131\u011f\u0131 golle tak\u0131m\u0131n\u0131n galibiyetinde ba\u015frol oynayan isimlerden birisi oldu. Yar\u0131 finalin ikinci kar\u015f\u0131la\u015fmas\u0131 7 May\u0131s Per\u015fembe g\u00fcn\u00fc Almanya\u2019da oynanacak.<\/p>\n<p>T\u00fcrkiye&#x27;den ve D\u00fcnya\u2019dan son dakika haberleri, k\u00f6\u015fe yaz\u0131lar\u0131, magazinden siyasete, spordan seyahate b\u00fct\u00fcn konular\u0131n tek adresi Hurriyet.com.tr haber i\u00e7erikleri izin al\u0131nmadan, kaynak g\u00f6sterilerek dahi iktibas edilemez. Kanuna ayk\u0131r\u0131 ve izinsiz&#8230;<\/p>\n","protected":false},"excerpt":{"rendered":"<p>UEFA Avrupa Ligi yar\u0131 final ilk ma\u00e7\u0131nda Braga sahas\u0131nda Freiburg\u2019u 2-1 ma\u011flup etti.<\/p>\n","protected":false},"author":2,"featured_media":31096,"comment_status":"open","ping_status":"open","sticky":false,"template":"","format":"standard","meta":{"footnotes":""},"categories":[5,7],"tags":[],"class_list":["post-31097","post","type-post","status-publish","format-standard","has-post-thumbnail","hentry","category-son-dakika","category-spor"],"_links":{"self":[{"href":"https:\/\/eskigazeteci.com\/index.php?rest_route=\/wp\/v2\/posts\/31097","targetHints":{"allow":["GET"]}}],"collection":[{"href":"https:\/\/eskigazeteci.com\/index.php?rest_route=\/wp\/v2\/posts"}],"about":[{"href":"https:\/\/eskigazeteci.com\/index.php?rest_route=\/wp\/v2\/types\/post"}],"author":[{"embeddable":true,"href":"https:\/\/eskigazeteci.com\/index.php?rest_route=\/wp\/v2\/users\/2"}],"replies":[{"embeddable":true,"href":"https:\/\/eskigazeteci.com\/index.php?rest_route=%2Fwp%2Fv2%2Fcomments&post=31097"}],"version-history":[{"count":0,"href":"https:\/\/eskigazeteci.com\/index.php?rest_route=\/wp\/v2\/posts\/31097\/revisions"}],"wp:featuredmedia":[{"embeddable":true,"href":"https:\/\/eskigazeteci.com\/index.php?rest_route=\/wp\/v2\/media\/31096"}],"wp:attachment":[{"href":"https:\/\/eskigazeteci.com\/index.php?rest_route=%2Fwp%2Fv2%2Fmedia&parent=31097"}],"wp:term":[{"taxonomy":"category","embeddable":true,"href":"https:\/\/eskigazeteci.com\/index.php?rest_route=%2Fwp%2Fv2%2Fcategories&post=31097"},{"taxonomy":"post_tag","embeddable":true,"href":"https:\/\/eskigazeteci.com\/index.php?rest_route=%2Fwp%2Fv2%2Ftags&post=31097"}],"curies":[{"name":"wp","href":"https:\/\/api.w.org\/{rel}","templated":true}]}}