{"id":31095,"date":"2026-04-30T21:15:36","date_gmt":"2026-04-30T21:15:36","guid":{"rendered":"https:\/\/eskigazeteci.com\/?p=31095"},"modified":"2026-04-30T21:15:36","modified_gmt":"2026-04-30T21:15:36","slug":"enflasyon-beklentisi-nisan-ayi-2026","status":"publish","type":"post","link":"https:\/\/eskigazeteci.com\/?p=31095","title":{"rendered":"ENFLASYON BEKLENT\u0130S\u0130 N\u0130SAN AYI 2026"},"content":{"rendered":"<p>Nisan ay\u0131 enflasyon beklentisi, Merkez Bankas\u0131 ve ekonomistlerin anket sonu\u00e7lar\u0131 ile belli oldu. Merkez Bankas\u0131 Piyasa Kat\u0131l\u0131mc\u0131lar\u0131 Anketi raporu yay\u0131nland\u0131. Ankete g\u00f6re T\u00fcketici Fiyat Endeksi&#x27;nde (T\u00dcFE) y\u0131l sonu art\u0131\u015f beklentisi y\u00fczde 25,38&#x27;den y\u00fczde 27,53&#x27;e y\u00fckseldi. Memur ve emekli maa\u015f zamm\u0131 ile kira art\u0131\u015f oran\u0131nda belirleyici olan enflasyon rakamlar\u0131, May\u0131s ay\u0131n\u0131n ilk haftas\u0131nda a\u00e7\u0131klanacak. AA Finans&#x27;\u0131n T\u00fcrkiye \u0130statistik Kurumu taraf\u0131ndan 4 May\u0131s Pazartesi g\u00fcn\u00fc a\u00e7\u0131klanacak nisan ay\u0131 enflasyon verilerine ili\u015fkin beklenti anketi, 29 ekonomistin kat\u0131l\u0131m\u0131yla sonu\u00e7land\u0131. Ankete kat\u0131lan ekonomistlerin nisanda ayl\u0131k enflasyon beklentilerinin ortalamas\u0131 y\u00fczde 3,19 oldu. Ekonomistlerin nisan ay\u0131 i\u00e7in enflasyon beklentileri y\u00fczde 2,50 ile y\u00fczde 3,60 aral\u0131\u011f\u0131nda yer ald\u0131. Peki, enflasyon oranlar\u0131 ne zaman a\u00e7\u0131klanacak? Nisan ay\u0131 enflasyon beklentisi nedir? \u0130\u015fte, ayr\u0131nt\u0131lar.<\/p>\n<p>T\u00fcrkiye \u0130statistik Kurumu, enflasyon verilerini her ay\u0131n 3&#x27;\u00fcnde a\u00e7\u0131kl\u0131yor. Nisan ay\u0131 enflasyon rakamlar\u0131 3 May\u0131s&#x27;\u0131n pazar g\u00fcn\u00fcne denk gelmesi nedeniyle 4 May\u0131s Pazartesi g\u00fcn\u00fc saat 10.00&#x27;da a\u00e7\u0131klanacak.<\/p>\n<p>T\u00fcrkiye \u0130statistik Kurumu, enflasyon verilerini her ay\u0131n 3&#x27;\u00fcnde a\u00e7\u0131kl\u0131yor. Nisan ay\u0131 enflasyon rakamlar\u0131 3&#8230;<\/p>\n","protected":false},"excerpt":{"rendered":"<p>T\u00dc\u0130K enflasyon oranlar\u0131 2026 Nisan ay\u0131, ekonominin bu haftaki en \u00f6nemli g\u00fcndem maddeleri aras\u0131nda yer al\u0131yor. Yurt i\u00e7inde, bug\u00fcn g\u00f6zler T\u00fcrkiye \u0130statistik&#8230;<\/p>\n","protected":false},"author":2,"featured_media":31094,"comment_status":"open","ping_status":"open","sticky":false,"template":"","format":"standard","meta":{"footnotes":""},"categories":[6,5],"tags":[],"class_list":["post-31095","post","type-post","status-publish","format-standard","has-post-thumbnail","hentry","category-gundem","category-son-dakika"],"_links":{"self":[{"href":"https:\/\/eskigazeteci.com\/index.php?rest_route=\/wp\/v2\/posts\/31095","targetHints":{"allow":["GET"]}}],"collection":[{"href":"https:\/\/eskigazeteci.com\/index.php?rest_route=\/wp\/v2\/posts"}],"about":[{"href":"https:\/\/eskigazeteci.com\/index.php?rest_route=\/wp\/v2\/types\/post"}],"author":[{"embeddable":true,"href":"https:\/\/eskigazeteci.com\/index.php?rest_route=\/wp\/v2\/users\/2"}],"replies":[{"embeddable":true,"href":"https:\/\/eskigazeteci.com\/index.php?rest_route=%2Fwp%2Fv2%2Fcomments&post=31095"}],"version-history":[{"count":0,"href":"https:\/\/eskigazeteci.com\/index.php?rest_route=\/wp\/v2\/posts\/31095\/revisions"}],"wp:featuredmedia":[{"embeddable":true,"href":"https:\/\/eskigazeteci.com\/index.php?rest_route=\/wp\/v2\/media\/31094"}],"wp:attachment":[{"href":"https:\/\/eskigazeteci.com\/index.php?rest_route=%2Fwp%2Fv2%2Fmedia&parent=31095"}],"wp:term":[{"taxonomy":"category","embeddable":true,"href":"https:\/\/eskigazeteci.com\/index.php?rest_route=%2Fwp%2Fv2%2Fcategories&post=31095"},{"taxonomy":"post_tag","embeddable":true,"href":"https:\/\/eskigazeteci.com\/index.php?rest_route=%2Fwp%2Fv2%2Ftags&post=31095"}],"curies":[{"name":"wp","href":"https:\/\/api.w.org\/{rel}","templated":true}]}}