{"id":31093,"date":"2026-04-30T21:05:33","date_gmt":"2026-04-30T21:05:33","guid":{"rendered":"https:\/\/eskigazeteci.com\/?p=31093"},"modified":"2026-04-30T21:05:33","modified_gmt":"2026-04-30T21:05:33","slug":"crystal-palacetan-arda-turanli-shakhtar-donetske-3-gollu-darbe-final-yolu-karanlik","status":"publish","type":"post","link":"https:\/\/eskigazeteci.com\/?p=31093","title":{"rendered":"Crystal Palace&#8217;tan Arda Turan&#8217;l\u0131 Shakhtar Donetsk&#8217;e 3 goll\u00fc darbe! Final yolu karanl\u0131k"},"content":{"rendered":"<p>UEFA Avrupa Konferans Ligi yar\u0131 final ilk ma\u00e7\u0131nda Shakhtar Donetsk ile Crystal Palace kar\u015f\u0131 kar\u015f\u0131ya geldi.<\/p>\n<p>Polonya&#x27;n\u0131n Krakow \u015fehrinde bulunan Henryka Reymana Stadyumu\u2019nda oynanan kar\u015f\u0131la\u015fmada Almanya Futbol Federasyonu\u2019ndan Felix Zwayer d\u00fcd\u00fck \u00e7ald\u0131. Zwayer\u2019in yard\u0131mc\u0131l\u0131klar\u0131n\u0131 Robert Kempter ve Christian Dietz \u00fcstlendi.<\/p>\n<p>Ukrayna&#x27;daki sava\u015f ve hava sahas\u0131n\u0131n kapal\u0131 olmas\u0131 nedeniyle Polonya&#x27;n\u0131n Krakow kentinde oynanan m\u00fccadeleye Crystal Palace golle ba\u015flad\u0131. Hen\u00fcz 22. saniyede Sarr ile \u00f6ne ge\u00e7en \u0130ngilizler Kamada&#x27;n\u0131n 58, Larsen&#x27;in 84. dakikada att\u0131\u011f\u0131 gollerle Shakhtar Donetsk&#x27;\u0130 3-1 ma\u011flup etti.<\/p>\n<p>Arda Turan&#x27;\u0131n ekibinin tek gol\u00fc ise 47. dakikada Ocheretko&#x27;dan geldi. Turun r\u00f6van\u015f kar\u015f\u0131la\u015fmas\u0131 7 May\u0131s Per\u015fembe g\u00fcn\u00fc \u0130ngiltere\u2019de oynanacak ve finale \u00e7\u0131kan tak\u0131m belli olacak.<\/p>\n<p>Shakhtar Donetsk &#8211; Crystal Palace: 1-3<\/p>\n<p>GOL: Ocheretko 47&#x27; ( Shakhtar Donetsk ), Sarr 1&#x27;, Kamada 58&#x27;, Larsen 84&#x27; ( Crystal Palace )<\/p>\n<p>T\u00fcrkiye&#x27;den ve D\u00fcnya\u2019dan son dakika haberleri, k\u00f6\u015fe yaz\u0131lar\u0131, magazinden siyasete, spordan seyahate b\u00fct\u00fcn konular\u0131n tek adresi Hurriyet.com.tr haber i\u00e7erikleri izin al\u0131nmadan, kaynak g\u00f6sterilerek dahi iktibas edilemez. Kanuna ayk\u0131r\u0131 ve izinsiz olarak kopyalanamaz, ba\u015fka yerde&#8230;<\/p>\n","protected":false},"excerpt":{"rendered":"<p>UEFA Konferans Ligi yari finali ilk ma\u00e7\u0131nda Crystal Palace, Arda Turan&#8217;\u0131n teknik direkt\u00f6rl\u00fc\u011f\u00fcn\u00fc yapt\u0131\u011f\u0131 Shakhtar Donetsk&#8217;i 3-1 ma\u011flup etti.<\/p>\n","protected":false},"author":2,"featured_media":31092,"comment_status":"open","ping_status":"open","sticky":false,"template":"","format":"standard","meta":{"footnotes":""},"categories":[5,7],"tags":[],"class_list":["post-31093","post","type-post","status-publish","format-standard","has-post-thumbnail","hentry","category-son-dakika","category-spor"],"_links":{"self":[{"href":"https:\/\/eskigazeteci.com\/index.php?rest_route=\/wp\/v2\/posts\/31093","targetHints":{"allow":["GET"]}}],"collection":[{"href":"https:\/\/eskigazeteci.com\/index.php?rest_route=\/wp\/v2\/posts"}],"about":[{"href":"https:\/\/eskigazeteci.com\/index.php?rest_route=\/wp\/v2\/types\/post"}],"author":[{"embeddable":true,"href":"https:\/\/eskigazeteci.com\/index.php?rest_route=\/wp\/v2\/users\/2"}],"replies":[{"embeddable":true,"href":"https:\/\/eskigazeteci.com\/index.php?rest_route=%2Fwp%2Fv2%2Fcomments&post=31093"}],"version-history":[{"count":0,"href":"https:\/\/eskigazeteci.com\/index.php?rest_route=\/wp\/v2\/posts\/31093\/revisions"}],"wp:featuredmedia":[{"embeddable":true,"href":"https:\/\/eskigazeteci.com\/index.php?rest_route=\/wp\/v2\/media\/31092"}],"wp:attachment":[{"href":"https:\/\/eskigazeteci.com\/index.php?rest_route=%2Fwp%2Fv2%2Fmedia&parent=31093"}],"wp:term":[{"taxonomy":"category","embeddable":true,"href":"https:\/\/eskigazeteci.com\/index.php?rest_route=%2Fwp%2Fv2%2Fcategories&post=31093"},{"taxonomy":"post_tag","embeddable":true,"href":"https:\/\/eskigazeteci.com\/index.php?rest_route=%2Fwp%2Fv2%2Ftags&post=31093"}],"curies":[{"name":"wp","href":"https:\/\/api.w.org\/{rel}","templated":true}]}}