{"id":31089,"date":"2026-04-30T20:45:32","date_gmt":"2026-04-30T20:45:32","guid":{"rendered":"https:\/\/eskigazeteci.com\/?p=31089"},"modified":"2026-04-30T20:45:32","modified_gmt":"2026-04-30T20:45:32","slug":"fifa-baskani-infantino-iranin-dunya-kupasina-katilacagini-acikladi","status":"publish","type":"post","link":"https:\/\/eskigazeteci.com\/?p=31089","title":{"rendered":"FIFA Ba\u015fkan\u0131 Infantino, \u0130ran&#8217;\u0131n D\u00fcnya Kupas\u0131&#8217;na kat\u0131laca\u011f\u0131n\u0131 a\u00e7\u0131klad\u0131"},"content":{"rendered":"<p>Daha \u00f6nce \u00fclkenin spor bakan\u0131 araf\u0131ndan D\u00fcnya Kupas\u0131 &#x27;na kat\u0131lmayaca\u011f\u0131 duyurulan \u0130ran ile ilgili en yetkili a\u011f\u0131zdan a\u00e7\u0131klama geldi.<\/p>\n<p>&#x27;\u0130RAN MA\u00c7LARINI ABD&#x27;DE OYNAYACAK&#x27;<\/p>\n<p>Infantino, Kanada&#x27;n\u0131n Vancouver kentindeki 76. FIFA Kongresi&#x27;nde yapt\u0131\u011f\u0131 a\u00e7\u0131klamada, &quot;\u0130ran, 2026 D\u00fcnya Kupas\u0131&#x27;na kat\u0131lacak ve ma\u00e7lar\u0131n\u0131 ABD&#x27;de oynayacak.&quot; ifadesini kulland\u0131.<\/p>\n<p>ABD, Kanada ve Meksika&#x27;n\u0131n ev sahipli\u011finde 11 Haziran-19 Temmuz tarihlerinde d\u00fczenlenecek 2026 D\u00fcnya Kupas\u0131&#x27;n\u0131n G Grubu&#x27;nda yer alan \u0130ran , Bel\u00e7ika, M\u0131s\u0131r ve Yeni Zelanda ile m\u00fccadele edecek.<\/p>\n<p>T\u00fcrkiye&#x27;den ve D\u00fcnya\u2019dan son dakika haberleri, k\u00f6\u015fe yaz\u0131lar\u0131, magazinden siyasete, spordan seyahate b\u00fct\u00fcn konular\u0131n tek adresi Hurriyet.com.tr haber i\u00e7erikleri izin al\u0131nmadan, kaynak g\u00f6sterilerek dahi iktibas edilemez. Kanuna ayk\u0131r\u0131 ve izinsiz olarak kopyalanamaz, ba\u015fka yerde yay\u0131nlanamaz.<\/p>\n","protected":false},"excerpt":{"rendered":"<p>FIFA Ba\u015fkan\u0131 Gianni Infantino, \u0130ran&#8217;\u0131n 2026 D\u00fcnya Kupas\u0131&#8217;na kat\u0131laca\u011f\u0131n\u0131 duyurdu.<\/p>\n","protected":false},"author":2,"featured_media":31088,"comment_status":"open","ping_status":"open","sticky":false,"template":"","format":"standard","meta":{"footnotes":""},"categories":[5,7],"tags":[],"class_list":["post-31089","post","type-post","status-publish","format-standard","has-post-thumbnail","hentry","category-son-dakika","category-spor"],"_links":{"self":[{"href":"https:\/\/eskigazeteci.com\/index.php?rest_route=\/wp\/v2\/posts\/31089","targetHints":{"allow":["GET"]}}],"collection":[{"href":"https:\/\/eskigazeteci.com\/index.php?rest_route=\/wp\/v2\/posts"}],"about":[{"href":"https:\/\/eskigazeteci.com\/index.php?rest_route=\/wp\/v2\/types\/post"}],"author":[{"embeddable":true,"href":"https:\/\/eskigazeteci.com\/index.php?rest_route=\/wp\/v2\/users\/2"}],"replies":[{"embeddable":true,"href":"https:\/\/eskigazeteci.com\/index.php?rest_route=%2Fwp%2Fv2%2Fcomments&post=31089"}],"version-history":[{"count":0,"href":"https:\/\/eskigazeteci.com\/index.php?rest_route=\/wp\/v2\/posts\/31089\/revisions"}],"wp:featuredmedia":[{"embeddable":true,"href":"https:\/\/eskigazeteci.com\/index.php?rest_route=\/wp\/v2\/media\/31088"}],"wp:attachment":[{"href":"https:\/\/eskigazeteci.com\/index.php?rest_route=%2Fwp%2Fv2%2Fmedia&parent=31089"}],"wp:term":[{"taxonomy":"category","embeddable":true,"href":"https:\/\/eskigazeteci.com\/index.php?rest_route=%2Fwp%2Fv2%2Fcategories&post=31089"},{"taxonomy":"post_tag","embeddable":true,"href":"https:\/\/eskigazeteci.com\/index.php?rest_route=%2Fwp%2Fv2%2Ftags&post=31089"}],"curies":[{"name":"wp","href":"https:\/\/api.w.org\/{rel}","templated":true}]}}