{"id":31087,"date":"2026-04-30T20:41:59","date_gmt":"2026-04-30T20:41:59","guid":{"rendered":"https:\/\/eskigazeteci.com\/?p=31087"},"modified":"2026-04-30T20:41:59","modified_gmt":"2026-04-30T20:41:59","slug":"atasehirde-tartistigi-surucuye-kendisini-savci-olarak-tanitmisti-sorusturma-baslatildi","status":"publish","type":"post","link":"https:\/\/eskigazeteci.com\/?p=31087","title":{"rendered":"Ata\u015fehir&#8217;de tart\u0131\u015ft\u0131\u011f\u0131 s\u00fcr\u00fcc\u00fcye kendisini savc\u0131 olarak tan\u0131tm\u0131\u015ft\u0131 Soru\u015fturma ba\u015flat\u0131ld\u0131"},"content":{"rendered":"<p>Olay, bug\u00fcn Ata\u015fehir&#x27;de meydana geldi. \u0130ddiaya g\u00f6re, iki s\u00fcr\u00fcc\u00fc aras\u0131nda \u00e7\u0131kan park yeri tart\u0131\u015fmas\u0131nda \u00fczerinde &#x27;Hakim-Savc\u0131&#x27; yaz\u0131l\u0131 kart g\u00f6steren \u0130.E.&#x27;nin sahte kart g\u00f6sterdi\u011fi tespit edildi. Sanal medyaya yans\u0131yan g\u00f6r\u00fcnt\u00fcleri ihbar olarak de\u011ferlendirilmesinin ard\u0131ndan \u0130.E.&#x27;nin hakim ya da savc\u0131 olmad\u0131\u011f\u0131 belirlendi.<\/p>\n<p>SORU\u015eTURMA BA\u015eLATILDI<\/p>\n<p>Konuya ili\u015fkin Anadolu Cumhuriyet Ba\u015fsavc\u0131l\u0131\u011f\u0131 taraf\u0131ndan \u015f\u00fcpheliler \u0130.E. ve O.O.G. hakk\u0131nda &#x27;Tehdit&#x27;, &#x27;Kamu g\u00f6revinin usuls\u00fcz \u00fcstlenilmesi&#x27; ve &#x27;\u00d6zel hayat\u0131n gizlili\u011fini ihlal&#x27; su\u00e7lar\u0131ndan soru\u015fturma ba\u015flat\u0131ld\u0131.<\/p>\n<p>TARTI\u015eMA KAMERADA<\/p>\n<p>Ya\u015fananlar O.O.G. taraf\u0131ndan cep telefonuyla kaydedildi. G\u00f6r\u00fcnt\u00fclerde, \u0130.E.&#x27;nin elinde &#x27;Hakim-Savc\u0131&#x27; oldu\u011funu belirten sahte kart\u0131 g\u00f6stermesi ve &#x27;Ben sana yapaca\u011f\u0131m\u0131 biliyorum&#x27; dedi\u011fi anlar yer ald\u0131.<\/p>\n<p>&#x27;TOPLUMSAL HUZURU BOZMAYA \u00c7ALI\u015eANLARA ASLA M\u00dcSAMAHA G\u00d6STER\u0130LMEYECEK&#x27;<\/p>\n<p>Olaya ili\u015fkin sanal medya hesab\u0131ndan a\u00e7\u0131klamada bulunan Adalet Bakan\u0131 Ak\u0131n G\u00fcrlek, &quot;Bug\u00fcn \u0130stanbul Ata\u015fehir \u2019de meydana gelen olayda; yarg\u0131 mensubu olmad\u0131\u011f\u0131 h\u00e2lde \u201ch\u00e2kim\/ savc\u0131 \u201d s\u0131fat\u0131n\u0131 kullanarak bir vatanda\u015f\u0131m\u0131z\u0131 tehdit eden \u015fah\u0131s hakk\u0131nda derhal adli soru\u015fturma ba\u015flat\u0131lm\u0131\u015ft\u0131r. H\u00e2kimlik ve savc\u0131l\u0131k mesle\u011fi, hukuk devletinin teminat\u0131 ve&#8230;<\/p>\n","protected":false},"excerpt":{"rendered":"<p>Ata\u015fehir&#8217;de iki s\u00fcr\u00fcc\u00fc aras\u0131nda \u00e7\u0131kan park yeri tart\u0131\u015fmas\u0131nda, \u00fczerinde &#8216;Hakim-Savc\u0131&#8217; oldu\u011funu belirten kart g\u00f6steren \u0130.E.&#8217;nin sahte kart g\u00f6sterdi\u011fi tespit&#8230;<\/p>\n","protected":false},"author":2,"featured_media":31086,"comment_status":"open","ping_status":"open","sticky":false,"template":"","format":"standard","meta":{"footnotes":""},"categories":[6,5],"tags":[],"class_list":["post-31087","post","type-post","status-publish","format-standard","has-post-thumbnail","hentry","category-gundem","category-son-dakika"],"_links":{"self":[{"href":"https:\/\/eskigazeteci.com\/index.php?rest_route=\/wp\/v2\/posts\/31087","targetHints":{"allow":["GET"]}}],"collection":[{"href":"https:\/\/eskigazeteci.com\/index.php?rest_route=\/wp\/v2\/posts"}],"about":[{"href":"https:\/\/eskigazeteci.com\/index.php?rest_route=\/wp\/v2\/types\/post"}],"author":[{"embeddable":true,"href":"https:\/\/eskigazeteci.com\/index.php?rest_route=\/wp\/v2\/users\/2"}],"replies":[{"embeddable":true,"href":"https:\/\/eskigazeteci.com\/index.php?rest_route=%2Fwp%2Fv2%2Fcomments&post=31087"}],"version-history":[{"count":0,"href":"https:\/\/eskigazeteci.com\/index.php?rest_route=\/wp\/v2\/posts\/31087\/revisions"}],"wp:featuredmedia":[{"embeddable":true,"href":"https:\/\/eskigazeteci.com\/index.php?rest_route=\/wp\/v2\/media\/31086"}],"wp:attachment":[{"href":"https:\/\/eskigazeteci.com\/index.php?rest_route=%2Fwp%2Fv2%2Fmedia&parent=31087"}],"wp:term":[{"taxonomy":"category","embeddable":true,"href":"https:\/\/eskigazeteci.com\/index.php?rest_route=%2Fwp%2Fv2%2Fcategories&post=31087"},{"taxonomy":"post_tag","embeddable":true,"href":"https:\/\/eskigazeteci.com\/index.php?rest_route=%2Fwp%2Fv2%2Ftags&post=31087"}],"curies":[{"name":"wp","href":"https:\/\/api.w.org\/{rel}","templated":true}]}}