{"id":31077,"date":"2026-04-30T20:25:31","date_gmt":"2026-04-30T20:25:31","guid":{"rendered":"https:\/\/eskigazeteci.com\/?p=31077"},"modified":"2026-04-30T20:25:31","modified_gmt":"2026-04-30T20:25:31","slug":"sumud-filosudaki-aktivisler-girite-birakilacak","status":"publish","type":"post","link":"https:\/\/eskigazeteci.com\/?p=31077","title":{"rendered":"Sumud Filosu&#8217;daki aktivisler Girit&#8217;e b\u0131rak\u0131lacak"},"content":{"rendered":"<p>Konuyla ilgili CNN T\u00fcrk&#x27;te yay\u0131nlanan Gece G\u00f6r\u00fc\u015f\u00fc program\u0131nda son dakika geli\u015fmelerini aktaran H\u00fcrriyet Gazetesi Ankara Temsilcisi Hande F\u0131rat , vatanda\u015flar\u0131m\u0131z\u0131 almak i\u00e7in T\u00fcrkiye&#x27;den g\u00f6revlilerin g\u00f6nderilece\u011fini ve baz\u0131 \u00fclke vatanda\u015flar\u0131n\u0131n da T\u00fcrkiye \u00fczerinden \u00fclkelerine d\u00f6nebilece\u011fini s\u00f6yledi.<\/p>\n<p>K\u00dcRESEL SUMUD F\u0130LOSU<\/p>\n<p>\u0130srail&#x27;in Gazze ablukas\u0131n\u0131 k\u0131rma ve ya\u015famsal insani yard\u0131m ula\u015ft\u0131rmay\u0131 ama\u00e7layan K\u00fcresel Sumud Filosu 2026 Bahar Misyonu, 12 Nisan&#x27;da \u0130spanya&#x27;n\u0131n Barselona kentinden Akdeniz&#x27;e a\u00e7\u0131ld\u0131.<\/p>\n<p>\u0130talya&#x27;n\u0131n Sicilya Adas\u0131&#x27;ndaki kat\u0131l\u0131mlarla filo 26 Nisan&#x27;da yeniden yola koyulurken, 29 Nisan gece saatlerinde Girit Adas\u0131 a\u00e7\u0131klar\u0131ndaki uluslararas\u0131 sularda \u0130srail ordusu yasa d\u0131\u015f\u0131 m\u00fcdahalede bulunarak aktivistleri ta\u015f\u0131yan teknelere sald\u0131rd\u0131.<\/p>\n<p>Filo yetkililerinin verdi\u011fi bilgiye g\u00f6re teknelerde 39 farkl\u0131 \u00fclkeden aralar\u0131nda T\u00fcrklerin de oldu\u011fu 345 kat\u0131l\u0131mc\u0131 bulunuyor.<\/p>\n<p>Gazze&#x27;ye 600 deniz mili uzakl\u0131kta, Yunan kara sular\u0131ndan birka\u00e7 mil a\u00e7\u0131kta d\u00fczenlenen sald\u0131r\u0131da, sivillerin ak\u0131betine ili\u015fkin sa\u011fl\u0131kl\u0131 bilgi al\u0131namazken, 180&#x27;inin \u0130srail taraf\u0131ndan al\u0131kondu\u011fu bildiriliyor.<\/p>\n<p>K\u00fcresel Sumud Filosu yetkilileri, \u0130srail ordusunun, sald\u0131r\u0131da 21 tekneyi al\u0131koydu\u011funu, kurtulan 31 teknenin&#8230;<\/p>\n","protected":false},"excerpt":{"rendered":"<p>\u0130srail&#8217;in Gazze ablukas\u0131n\u0131 k\u0131rmak ve buraya insani yard\u0131m g\u00f6t\u00fcrmek \u00fczere yola \u00e7\u0131kan K\u00fcresel Sumud Filosu&#8217;na, Yunanistan yak\u0131nlar\u0131nda m\u00fcdahale edilmi\u015fti&#8230;.<\/p>\n","protected":false},"author":2,"featured_media":31076,"comment_status":"open","ping_status":"open","sticky":false,"template":"","format":"standard","meta":{"footnotes":""},"categories":[6,5],"tags":[],"class_list":["post-31077","post","type-post","status-publish","format-standard","has-post-thumbnail","hentry","category-gundem","category-son-dakika"],"_links":{"self":[{"href":"https:\/\/eskigazeteci.com\/index.php?rest_route=\/wp\/v2\/posts\/31077","targetHints":{"allow":["GET"]}}],"collection":[{"href":"https:\/\/eskigazeteci.com\/index.php?rest_route=\/wp\/v2\/posts"}],"about":[{"href":"https:\/\/eskigazeteci.com\/index.php?rest_route=\/wp\/v2\/types\/post"}],"author":[{"embeddable":true,"href":"https:\/\/eskigazeteci.com\/index.php?rest_route=\/wp\/v2\/users\/2"}],"replies":[{"embeddable":true,"href":"https:\/\/eskigazeteci.com\/index.php?rest_route=%2Fwp%2Fv2%2Fcomments&post=31077"}],"version-history":[{"count":0,"href":"https:\/\/eskigazeteci.com\/index.php?rest_route=\/wp\/v2\/posts\/31077\/revisions"}],"wp:featuredmedia":[{"embeddable":true,"href":"https:\/\/eskigazeteci.com\/index.php?rest_route=\/wp\/v2\/media\/31076"}],"wp:attachment":[{"href":"https:\/\/eskigazeteci.com\/index.php?rest_route=%2Fwp%2Fv2%2Fmedia&parent=31077"}],"wp:term":[{"taxonomy":"category","embeddable":true,"href":"https:\/\/eskigazeteci.com\/index.php?rest_route=%2Fwp%2Fv2%2Fcategories&post=31077"},{"taxonomy":"post_tag","embeddable":true,"href":"https:\/\/eskigazeteci.com\/index.php?rest_route=%2Fwp%2Fv2%2Ftags&post=31077"}],"curies":[{"name":"wp","href":"https:\/\/api.w.org\/{rel}","templated":true}]}}