{"id":31075,"date":"2026-04-30T20:05:30","date_gmt":"2026-04-30T20:05:30","guid":{"rendered":"https:\/\/eskigazeteci.com\/?p=31075"},"modified":"2026-04-30T20:05:30","modified_gmt":"2026-04-30T20:05:30","slug":"sabah-azerbaycanda-sampiyon-oldu","status":"publish","type":"post","link":"https:\/\/eskigazeteci.com\/?p=31075","title":{"rendered":"Sabah, Azerbaycan&#8217;da \u015fampiyon oldu!"},"content":{"rendered":"<p>Sabah, ligin 29. haftas\u0131nda en yak\u0131n takip\u00e7isi Karaba\u011f&#x27;\u0131n Neft\u00e7i&#x27;ye 2-1 yenilmesiyle tarihinin ilk \u015fampiyonlu\u011funa ula\u015ft\u0131.<\/p>\n<p>Teknik direkt\u00f6rl\u00fc\u011f\u00fcn\u00fc Litvanyal\u0131 Valdas Dambrauskas&#x27;\u0131n yapt\u0131\u011f\u0131 Sabah , \u015fu ana kadar 22 galibiyet, 6 beraberlik ve bir ma\u011flubiyet ya\u015fad\u0131\u011f\u0131 ligde 72 puan toplad\u0131.<\/p>\n<p>Son 4 y\u0131l\u0131n \u015fampiyonu Karaba\u011f ise son 4 haftaya girilirken 59 puanla ikinci s\u0131rada yer ald\u0131.<\/p>\n<p>T\u00fcrkiye&#x27;den ve D\u00fcnya\u2019dan son dakika haberleri, k\u00f6\u015fe yaz\u0131lar\u0131, magazinden siyasete, spordan seyahate b\u00fct\u00fcn konular\u0131n tek adresi Hurriyet.com.tr haber i\u00e7erikleri izin al\u0131nmadan, kaynak g\u00f6sterilerek dahi iktibas edilemez. Kanuna ayk\u0131r\u0131 ve izinsiz olarak kopyalanamaz, ba\u015fka yerde yay\u0131nlanamaz.<\/p>\n","protected":false},"excerpt":{"rendered":"<p>Azerbaycan Premier Lig&#8217;de Sabah, bitime 4 hafta kala \u015fampiyonlu\u011funu ilan etti.<\/p>\n","protected":false},"author":2,"featured_media":31074,"comment_status":"open","ping_status":"open","sticky":false,"template":"","format":"standard","meta":{"footnotes":""},"categories":[5,7],"tags":[],"class_list":["post-31075","post","type-post","status-publish","format-standard","has-post-thumbnail","hentry","category-son-dakika","category-spor"],"_links":{"self":[{"href":"https:\/\/eskigazeteci.com\/index.php?rest_route=\/wp\/v2\/posts\/31075","targetHints":{"allow":["GET"]}}],"collection":[{"href":"https:\/\/eskigazeteci.com\/index.php?rest_route=\/wp\/v2\/posts"}],"about":[{"href":"https:\/\/eskigazeteci.com\/index.php?rest_route=\/wp\/v2\/types\/post"}],"author":[{"embeddable":true,"href":"https:\/\/eskigazeteci.com\/index.php?rest_route=\/wp\/v2\/users\/2"}],"replies":[{"embeddable":true,"href":"https:\/\/eskigazeteci.com\/index.php?rest_route=%2Fwp%2Fv2%2Fcomments&post=31075"}],"version-history":[{"count":0,"href":"https:\/\/eskigazeteci.com\/index.php?rest_route=\/wp\/v2\/posts\/31075\/revisions"}],"wp:featuredmedia":[{"embeddable":true,"href":"https:\/\/eskigazeteci.com\/index.php?rest_route=\/wp\/v2\/media\/31074"}],"wp:attachment":[{"href":"https:\/\/eskigazeteci.com\/index.php?rest_route=%2Fwp%2Fv2%2Fmedia&parent=31075"}],"wp:term":[{"taxonomy":"category","embeddable":true,"href":"https:\/\/eskigazeteci.com\/index.php?rest_route=%2Fwp%2Fv2%2Fcategories&post=31075"},{"taxonomy":"post_tag","embeddable":true,"href":"https:\/\/eskigazeteci.com\/index.php?rest_route=%2Fwp%2Fv2%2Ftags&post=31075"}],"curies":[{"name":"wp","href":"https:\/\/api.w.org\/{rel}","templated":true}]}}