{"id":31069,"date":"2026-04-30T19:08:33","date_gmt":"2026-04-30T19:08:33","guid":{"rendered":"https:\/\/eskigazeteci.com\/?p=31069"},"modified":"2026-04-30T19:08:33","modified_gmt":"2026-04-30T19:08:33","slug":"pakistan-ordusu-13-afgan-militani-etkisiz-hale-getirildi","status":"publish","type":"post","link":"https:\/\/eskigazeteci.com\/?p=31069","title":{"rendered":"Pakistan ordusu, 13 Afgan militan\u0131 etkisiz hale getirildi"},"content":{"rendered":"<p>Dawn gazetesinin haberine g\u00f6re, Pakistan Silahl\u0131 Kuvvetleri Halkla \u0130li\u015fkiler Servisinden yap\u0131lan a\u00e7\u0131klamada, Hayber Pahtunhva eyaletine ba\u011fl\u0131 Mohmand b\u00f6lgesinde Afganistan s\u0131n\u0131r\u0131ndan s\u0131zmaya \u00e7al\u0131\u015fan bir grubun tespit edildi\u011fi ve \u00e7\u0131kan \u00e7at\u0131\u015fmalarda 8 militan\u0131n \u00f6ld\u00fcr\u00fcld\u00fc\u011f\u00fc belirtildi.<\/p>\n<p>A\u00e7\u0131klamada, Kuzey Veziristan b\u00f6lgesinde de benzer \u015fekilde s\u0131n\u0131r\u0131 ge\u00e7meye \u00e7al\u0131\u015fan 5 militan\u0131n daha etkisiz hale getirildi\u011fi kaydedildi.<\/p>\n<p>PAK\u0130STAN&#x27;IN TER\u00d6R SORUNU<\/p>\n<p>Pakistan&#x27;da silahl\u0131 sald\u0131r\u0131lar, \u00f6zellikle Afganistan&#x27;a s\u0131n\u0131r\u0131 bulunan Hayber Pahtunhva ve Belucistan eyaletlerinde yo\u011funla\u015f\u0131yor.<\/p>\n<p>Her iki eyalette de Pe\u015ftun ve Beluci etnik gruplar\u0131n\u0131n haklar\u0131n\u0131 savunduklar\u0131n\u0131 ileri s\u00fcren silahl\u0131 gruplar, Pakistan g\u00fcvenlik g\u00fc\u00e7lerine ve sivillere y\u00f6nelik sald\u0131r\u0131larda bulunuyor.<\/p>\n<p>\u0130slamabad, Pakistan Taliban\u0131&#x27;n\u0131n Afganistan &#x27;da mevzilendi\u011fini ve sald\u0131r\u0131lar\u0131n\u0131 buradan organize etti\u011fini savunurken Afganistan y\u00f6netimi bu iddialar\u0131 reddediyor.<\/p>\n<p>Belucistan&#x27;da ise Belucistan Kurtulu\u015f Ordusunun (BLA) sald\u0131r\u0131lar\u0131 \u00f6n plana \u00e7\u0131k\u0131yor. BLA, Belucistan eyaletinin Pakistan &#x27;dan ayr\u0131lmas\u0131n\u0131 ve Beluc halk\u0131n\u0131n bu b\u00f6lgeyi y\u00f6netmesini istiyor.<\/p>\n<p>Yurtd\u0131\u015f\u0131nda ya\u015fanan en son olaylar, d\u00fcnya g\u00fcndemine oturan d\u0131\u015f haberler, son dakika&#8230;<\/p>\n","protected":false},"excerpt":{"rendered":"<p>Pakistan ordusu, \u00fclkenin kuzeybat\u0131s\u0131nda Afganistan s\u0131n\u0131r\u0131na yak\u0131n b\u00f6lgelerde d\u00fczenlenen iki ayr\u0131 operasyonda 13 militan\u0131n etkisiz hale getirildi\u011fini a\u00e7\u0131klad\u0131.<\/p>\n","protected":false},"author":2,"featured_media":31068,"comment_status":"open","ping_status":"open","sticky":false,"template":"","format":"standard","meta":{"footnotes":""},"categories":[6,5],"tags":[],"class_list":["post-31069","post","type-post","status-publish","format-standard","has-post-thumbnail","hentry","category-gundem","category-son-dakika"],"_links":{"self":[{"href":"https:\/\/eskigazeteci.com\/index.php?rest_route=\/wp\/v2\/posts\/31069","targetHints":{"allow":["GET"]}}],"collection":[{"href":"https:\/\/eskigazeteci.com\/index.php?rest_route=\/wp\/v2\/posts"}],"about":[{"href":"https:\/\/eskigazeteci.com\/index.php?rest_route=\/wp\/v2\/types\/post"}],"author":[{"embeddable":true,"href":"https:\/\/eskigazeteci.com\/index.php?rest_route=\/wp\/v2\/users\/2"}],"replies":[{"embeddable":true,"href":"https:\/\/eskigazeteci.com\/index.php?rest_route=%2Fwp%2Fv2%2Fcomments&post=31069"}],"version-history":[{"count":0,"href":"https:\/\/eskigazeteci.com\/index.php?rest_route=\/wp\/v2\/posts\/31069\/revisions"}],"wp:featuredmedia":[{"embeddable":true,"href":"https:\/\/eskigazeteci.com\/index.php?rest_route=\/wp\/v2\/media\/31068"}],"wp:attachment":[{"href":"https:\/\/eskigazeteci.com\/index.php?rest_route=%2Fwp%2Fv2%2Fmedia&parent=31069"}],"wp:term":[{"taxonomy":"category","embeddable":true,"href":"https:\/\/eskigazeteci.com\/index.php?rest_route=%2Fwp%2Fv2%2Fcategories&post=31069"},{"taxonomy":"post_tag","embeddable":true,"href":"https:\/\/eskigazeteci.com\/index.php?rest_route=%2Fwp%2Fv2%2Ftags&post=31069"}],"curies":[{"name":"wp","href":"https:\/\/api.w.org\/{rel}","templated":true}]}}