{"id":31067,"date":"2026-04-30T19:07:00","date_gmt":"2026-04-30T19:07:00","guid":{"rendered":"https:\/\/eskigazeteci.com\/?p=31067"},"modified":"2026-04-30T19:07:00","modified_gmt":"2026-04-30T19:07:00","slug":"burak-yilmaz-surprizi-eski-takimina-teknik-direktor-olarak-donuyor","status":"publish","type":"post","link":"https:\/\/eskigazeteci.com\/?p=31067","title":{"rendered":"Burak Y\u0131lmaz s\u00fcrprizi! Eski tak\u0131m\u0131na teknik direkt\u00f6r olarak d\u00f6n\u00fcyor"},"content":{"rendered":"<p>S\u00fcper Lig&#x27;de son olarak Gaziantep FK&#x27;n\u0131n teknik direkt\u00f6rl\u00fc\u011f\u00fcn\u00fc yapan Burak Y\u0131lmaz i\u00e7in s\u00fcrpriz bir geli\u015fme ya\u015fand\u0131.<\/p>\n<p>Futbolculu\u011fu sonras\u0131 teknik direkt\u00f6rl\u00fck kariyerine ba\u015flayan Burak Y\u0131lmaz, S\u00fcper Lig&#x27;de Be\u015fikta\u015f &#x27;taki ge\u00e7ici teknik direkt\u00f6rl\u00fck g\u00f6revinin ard\u0131ndan s\u0131ras\u0131yla Kayserispor ve Kas\u0131mpa\u015fa&#x27;n\u0131n ba\u015f\u0131na ge\u00e7mi\u015fti.<\/p>\n<p>Son olarak Gaziantep FK&#x27;n\u0131n teknik direkt\u00f6rl\u00fc\u011f\u00fcn\u00fc yapan Burak Y\u0131lmaz \u00e7ok konu\u015fulan bir bas\u0131n toplant\u0131s\u0131n\u0131n ard\u0131ndan g\u00f6revinden istifa etmi\u015fti.<\/p>\n<p>Gen\u00e7 ya\u015f\u0131na ra\u011fmen S\u00fcper Lig seviyesinde tecr\u00fcbesini artt\u0131ran Burak Y\u0131lmaz, s\u00fcrpriz bir tak\u0131m\u0131n ilgisini \u00e7ekti.<\/p>\n<p>Burak Y\u0131lmaz, 2020-2021 sezonunda unutulmaz performans\u0131yla \u015fampiyonlu\u011fa ta\u015f\u0131d\u0131\u011f\u0131 Lille\u2019in yeni teknik direkt\u00f6r adaylar\u0131 listesine dahil edildi. Sacha Tavolieri&#x27;nin haberine g\u00f6re 40 ya\u015f\u0131ndaki teknik adam Avrupa&#x27;dan baz\u0131 kul\u00fcplerin, \u00f6zellikle Bel\u00e7ika ve Fransa&#x27;dakilerin ilgisini \u00e7ekmeye devam ediyor. Burak Y\u0131lmaz, Fransa \u015fampiyonlu\u011fu ya\u015fad\u0131\u011f\u0131 eski kul\u00fcb\u00fc LOSC Lille&#x27;de uzun listeye dahil edildi.<\/p>\n<p>Habere g\u00f6re hen\u00fcz resmi bir giri\u015fim olmasa Burak Y\u0131lmaz &#x27;\u0131n \u00f6n\u00fcm\u00fczdeki sezon, taraftar\u0131n\u0131n kendisini \u00e7ok sevdi\u011fi Lille &#x27;nin ba\u015f\u0131na teknik direkt\u00f6r olarak d\u00f6nme ihtimali bulunuyor.<\/p>\n<p>T\u00fcrkiye&#x27;den ve D\u00fcnya\u2019dan son dakika&#8230;<\/p>\n","protected":false},"excerpt":{"rendered":"<p>Gaziantep FK&#8217;dan istifa ederek ayr\u0131lan Burak Y\u0131lmaz&#8217;\u0131n gelece\u011fi i\u00e7in s\u00fcrpriz bir geli\u015fme ya\u015fand\u0131. Sacha Tavolieri&#8217;nin haberine g\u00f6re Burak Y\u0131lmaz, futbolcu&#8230;<\/p>\n","protected":false},"author":2,"featured_media":31066,"comment_status":"open","ping_status":"open","sticky":false,"template":"","format":"standard","meta":{"footnotes":""},"categories":[5,7],"tags":[],"class_list":["post-31067","post","type-post","status-publish","format-standard","has-post-thumbnail","hentry","category-son-dakika","category-spor"],"_links":{"self":[{"href":"https:\/\/eskigazeteci.com\/index.php?rest_route=\/wp\/v2\/posts\/31067","targetHints":{"allow":["GET"]}}],"collection":[{"href":"https:\/\/eskigazeteci.com\/index.php?rest_route=\/wp\/v2\/posts"}],"about":[{"href":"https:\/\/eskigazeteci.com\/index.php?rest_route=\/wp\/v2\/types\/post"}],"author":[{"embeddable":true,"href":"https:\/\/eskigazeteci.com\/index.php?rest_route=\/wp\/v2\/users\/2"}],"replies":[{"embeddable":true,"href":"https:\/\/eskigazeteci.com\/index.php?rest_route=%2Fwp%2Fv2%2Fcomments&post=31067"}],"version-history":[{"count":0,"href":"https:\/\/eskigazeteci.com\/index.php?rest_route=\/wp\/v2\/posts\/31067\/revisions"}],"wp:featuredmedia":[{"embeddable":true,"href":"https:\/\/eskigazeteci.com\/index.php?rest_route=\/wp\/v2\/media\/31066"}],"wp:attachment":[{"href":"https:\/\/eskigazeteci.com\/index.php?rest_route=%2Fwp%2Fv2%2Fmedia&parent=31067"}],"wp:term":[{"taxonomy":"category","embeddable":true,"href":"https:\/\/eskigazeteci.com\/index.php?rest_route=%2Fwp%2Fv2%2Fcategories&post=31067"},{"taxonomy":"post_tag","embeddable":true,"href":"https:\/\/eskigazeteci.com\/index.php?rest_route=%2Fwp%2Fv2%2Ftags&post=31067"}],"curies":[{"name":"wp","href":"https:\/\/api.w.org\/{rel}","templated":true}]}}