{"id":31063,"date":"2026-04-30T18:55:50","date_gmt":"2026-04-30T18:55:50","guid":{"rendered":"https:\/\/eskigazeteci.com\/?p=31063"},"modified":"2026-04-30T18:55:50","modified_gmt":"2026-04-30T18:55:50","slug":"disisleri-bakani-hakan-fidan-ulusal-guvenlik-ve-savunma-konseyi-sekreteri-umerov-ile-gorustu","status":"publish","type":"post","link":"https:\/\/eskigazeteci.com\/?p=31063","title":{"rendered":"D\u0131\u015fi\u015fleri Bakan\u0131 Hakan Fidan, Ulusal G\u00fcvenlik ve Savunma Konseyi Sekreteri Umerov ile g\u00f6r\u00fc\u015ft\u00fc"},"content":{"rendered":"<p>D\u0131\u015fi\u015fleri Bakan\u0131 Hakan Fidan, Ukrayna Ulusal G\u00fcvenlik ve Savunma Konseyi Sekreteri R\u00fcstem Umerov ile Ankara\u2019da bir araya geldi.<\/p>\n","protected":false},"excerpt":{"rendered":"<p>D\u0131\u015fi\u015fleri Bakan\u0131 Hakan Fidan, Ukrayna Ulusal G\u00fcvenlik ve Savunma Konseyi Sekreteri R\u00fcstem Umerov ile Ankara\u2019da bir araya geldi.<\/p>\n","protected":false},"author":2,"featured_media":31062,"comment_status":"open","ping_status":"open","sticky":false,"template":"","format":"standard","meta":{"footnotes":""},"categories":[6,5],"tags":[],"class_list":["post-31063","post","type-post","status-publish","format-standard","has-post-thumbnail","hentry","category-gundem","category-son-dakika"],"_links":{"self":[{"href":"https:\/\/eskigazeteci.com\/index.php?rest_route=\/wp\/v2\/posts\/31063","targetHints":{"allow":["GET"]}}],"collection":[{"href":"https:\/\/eskigazeteci.com\/index.php?rest_route=\/wp\/v2\/posts"}],"about":[{"href":"https:\/\/eskigazeteci.com\/index.php?rest_route=\/wp\/v2\/types\/post"}],"author":[{"embeddable":true,"href":"https:\/\/eskigazeteci.com\/index.php?rest_route=\/wp\/v2\/users\/2"}],"replies":[{"embeddable":true,"href":"https:\/\/eskigazeteci.com\/index.php?rest_route=%2Fwp%2Fv2%2Fcomments&post=31063"}],"version-history":[{"count":0,"href":"https:\/\/eskigazeteci.com\/index.php?rest_route=\/wp\/v2\/posts\/31063\/revisions"}],"wp:featuredmedia":[{"embeddable":true,"href":"https:\/\/eskigazeteci.com\/index.php?rest_route=\/wp\/v2\/media\/31062"}],"wp:attachment":[{"href":"https:\/\/eskigazeteci.com\/index.php?rest_route=%2Fwp%2Fv2%2Fmedia&parent=31063"}],"wp:term":[{"taxonomy":"category","embeddable":true,"href":"https:\/\/eskigazeteci.com\/index.php?rest_route=%2Fwp%2Fv2%2Fcategories&post=31063"},{"taxonomy":"post_tag","embeddable":true,"href":"https:\/\/eskigazeteci.com\/index.php?rest_route=%2Fwp%2Fv2%2Ftags&post=31063"}],"curies":[{"name":"wp","href":"https:\/\/api.w.org\/{rel}","templated":true}]}}