{"id":31061,"date":"2026-04-30T18:40:05","date_gmt":"2026-04-30T18:40:05","guid":{"rendered":"https:\/\/eskigazeteci.com\/?p=31061"},"modified":"2026-04-30T18:40:05","modified_gmt":"2026-04-30T18:40:05","slug":"aksarayda-uzen-olay-yemek-yaparken-elbisesi-tutusan-91-yasindaki-kadin-yanginda-oldu","status":"publish","type":"post","link":"https:\/\/eskigazeteci.com\/?p=31061","title":{"rendered":"Aksaray&#8217;da \u00fczen olay! Yemek yaparken elbisesi tutu\u015fan 91 ya\u015f\u0131ndaki kad\u0131n, yang\u0131nda \u00f6ld\u00fc"},"content":{"rendered":"<p>Yang\u0131n , saat 19.00 s\u0131ralar\u0131nda K\u00fc\u00e7\u00fck B\u00f6lcek Mahallesi 2622 Sokak\u2019ta bulunan 4 katl\u0131 binan\u0131n 4\u2019\u00fcnc\u00fc kat\u0131nda \u00e7\u0131kt\u0131. Yaln\u0131z ya\u015fayan Meryem Alt\u0131nsoy \u2019\u0131n ocakta yemek yaparken iddiaya g\u00f6re elbisesi tutu\u015ftu. Yang\u0131n\u0131 s\u00f6nd\u00fcrmek isterken iddiaya g\u00f6re evin koridorunda d\u00fc\u015fen Alt\u0131nsoy\u2019un ete\u011findeki yang\u0131n bu kez hal\u0131ya s\u0131\u00e7rad\u0131. Alevler h\u0131zla yay\u0131l\u0131rken bu s\u0131rada Alt\u0131nsoy\u2019dan haber alamayan yak\u0131nlar\u0131 eve gelip kap\u0131y\u0131 a\u00e7t\u0131\u011f\u0131nda yang\u0131nla kar\u015f\u0131la\u015ft\u0131. \u0130hbar \u00fczerine adrese sa\u011fl\u0131k, itfaiye ve polis ekiplerine sevk edildi.<\/p>\n<p>Eve gelen itfaiye ekipleri yang\u0131n\u0131 s\u00f6nd\u00fcrd\u00fc. Sa\u011fl\u0131k g\u00f6revlilerinin yapt\u0131\u011f\u0131 kontrolde 4 \u00e7ocuk annesi Alt\u0131nsoy\u2019un ya\u015fam\u0131 yitirdi\u011fini belirledi. \u0130ncelemenin ard\u0131ndan Alt\u0131nsoy\u2019un cesedi otopsi i\u00e7in Aksaray E\u011fitim ve Ara\u015ft\u0131rma Hastanesi morguna kald\u0131r\u0131ld\u0131.<\/p>\n<p>Olayla ilgili konu\u015fan Alt\u0131nsoy\u2019un kom\u015fusu Necla Serin, \u201cAkrabalar\u0131 benden yard\u0131m istedi. Ben de hemen ko\u015ftum bakt\u0131m nine koridorda yat\u0131yor. \u00dcst\u00fcne hal\u0131 kapatm\u0131\u015f, o s\u0131rada her taraf\u0131 yan\u0131yordu. Ben de hortum ile s\u00f6nd\u00fcrd\u00fcm ama \u00f6lm\u00fc\u015f. Benim kar\u015f\u0131 kom\u015fumdu.\u201d diye konu\u015ftu.<\/p>\n<p>T\u00fcrkiye g\u00fcndeminden son dakika haberleri, bug\u00fcn ya\u015fanan en son geli\u015fmeler, siyaset g\u00fcndeminden g\u00fcncel haberler ve b\u00fct\u00fcn son dakika haberleri i\u00e7in H\u00fcrriyet&#x27;in&#8230;<\/p>\n","protected":false},"excerpt":{"rendered":"<p>Aksaray\u2019da yaln\u0131z ya\u015fayan Meryem Alt\u0131nsoy (91), yemek yaparken elbisenin tutu\u015fmas\u0131 sonucu \u00e7\u0131kan yang\u0131nda ya\u015fam\u0131n\u0131 yitirdi.<\/p>\n","protected":false},"author":2,"featured_media":31060,"comment_status":"open","ping_status":"open","sticky":false,"template":"","format":"standard","meta":{"footnotes":""},"categories":[6,5],"tags":[],"class_list":["post-31061","post","type-post","status-publish","format-standard","has-post-thumbnail","hentry","category-gundem","category-son-dakika"],"_links":{"self":[{"href":"https:\/\/eskigazeteci.com\/index.php?rest_route=\/wp\/v2\/posts\/31061","targetHints":{"allow":["GET"]}}],"collection":[{"href":"https:\/\/eskigazeteci.com\/index.php?rest_route=\/wp\/v2\/posts"}],"about":[{"href":"https:\/\/eskigazeteci.com\/index.php?rest_route=\/wp\/v2\/types\/post"}],"author":[{"embeddable":true,"href":"https:\/\/eskigazeteci.com\/index.php?rest_route=\/wp\/v2\/users\/2"}],"replies":[{"embeddable":true,"href":"https:\/\/eskigazeteci.com\/index.php?rest_route=%2Fwp%2Fv2%2Fcomments&post=31061"}],"version-history":[{"count":0,"href":"https:\/\/eskigazeteci.com\/index.php?rest_route=\/wp\/v2\/posts\/31061\/revisions"}],"wp:featuredmedia":[{"embeddable":true,"href":"https:\/\/eskigazeteci.com\/index.php?rest_route=\/wp\/v2\/media\/31060"}],"wp:attachment":[{"href":"https:\/\/eskigazeteci.com\/index.php?rest_route=%2Fwp%2Fv2%2Fmedia&parent=31061"}],"wp:term":[{"taxonomy":"category","embeddable":true,"href":"https:\/\/eskigazeteci.com\/index.php?rest_route=%2Fwp%2Fv2%2Fcategories&post=31061"},{"taxonomy":"post_tag","embeddable":true,"href":"https:\/\/eskigazeteci.com\/index.php?rest_route=%2Fwp%2Fv2%2Ftags&post=31061"}],"curies":[{"name":"wp","href":"https:\/\/api.w.org\/{rel}","templated":true}]}}