{"id":31059,"date":"2026-04-30T18:38:31","date_gmt":"2026-04-30T18:38:31","guid":{"rendered":"https:\/\/eskigazeteci.com\/?p=31059"},"modified":"2026-04-30T18:38:31","modified_gmt":"2026-04-30T18:38:31","slug":"istanbul-valiliginden-sokak-hayvanlari-konusunda-geri-adim-iddiasina-iliskin-aciklama","status":"publish","type":"post","link":"https:\/\/eskigazeteci.com\/?p=31059","title":{"rendered":"\u0130stanbul Valili\u011fi&#8217;nden &#8216;Sokak Hayvanlar\u0131 Konusunda Geri Ad\u0131m&#8217; iddias\u0131na ili\u015fkin a\u00e7\u0131klama"},"content":{"rendered":"<p>Konuya ili\u015fkin \u0130stanbul Valili\u011fi taraf\u0131ndan yap\u0131lan a\u00e7\u0131klamada, &quot;\u00c7e\u015fitli bas\u0131n ve sosyal medya mecralar\u0131nda, bug\u00fcn AFAD \u0130stanbul Merkezi&#x27;nde d\u00fczenlenen Sokak Hayvanlar\u0131 Koruma Kurulu toplant\u0131s\u0131nda al\u0131nan kararlara at\u0131fta bulunularak; &#x27;Valilikten Sokak Hayvanlar\u0131 Konusunda Geri Ad\u0131m&#x27; \u015feklinde haber ve payla\u015f\u0131mlar\u0131n yap\u0131ld\u0131\u011f\u0131 g\u00f6r\u00fclm\u00fc\u015ft\u00fcr. 5199 say\u0131l\u0131 Hayvanlar\u0131 Koruma Kanunu h\u00fck\u00fcmleri a\u00e7\u0131kt\u0131r. Sahipsiz sokak hayvan\u0131 sald\u0131r\u0131lar\u0131n\u0131n, son y\u0131llarda onlarca can\u0131m\u0131za mal oldu\u011fu, y\u00fczlerce vatanda\u015f\u0131m\u0131z\u0131n da yaraland\u0131\u011f\u0131, meseleye akl\u0131 selim ile yakla\u015fan t\u00fcm kesimlerce malumdur. \u0130stanbul Valili\u011fi olarak, t\u00fcm yak\u0131c\u0131l\u0131\u011f\u0131yla \u00f6n\u00fcm\u00fczde duran bu sorunun \u00e7\u00f6z\u00fcm\u00fc i\u00e7in yasan\u0131n getirdi\u011fi y\u00fck\u00fcml\u00fcl\u00fck ve uygulamalar\u0131n harfiyen yerine getirilmesi i\u00e7in at\u0131lmas\u0131 gereken ad\u0131mlar\u0131n takip\u00e7isiyiz. \u0130stanbul&#x27;umuzda bu \u00f6nemli sorunun \u00e7\u00f6z\u00fcm\u00fc yolunda b\u00fcy\u00fck a\u015fama katetmi\u015f bulunmaktay\u0131z. Hem\u015fehrilerimizi her konuda oldu\u011fu gibi bu konuda da daha y\u00fcksek standartta bir ya\u015fama ula\u015ft\u0131rabilmek i\u00e7in \u00e7al\u0131\u015fmalar\u0131m\u0131z\u0131 aral\u0131ks\u0131z s\u00fcrd\u00fcr\u00fcyoruz. Bu konuya dair herhangi bir rehavet ya da geri ad\u0131m s\u00f6z konusu olamaz. Yanl\u0131\u015f anlamalara ya da manip\u00fclasyona mahal vermemek ad\u0131na \u0130l Hayvanlar\u0131 Koruma Kurulu toplant\u0131s\u0131nda al\u0131nan kararlar\u0131&#8230;<\/p>\n","protected":false},"excerpt":{"rendered":"<p>\u0130stanbul Valili\u011fi, AFAD \u0130stanbul Merkezi\u2019nde d\u00fczenlenen Sokak Hayvanlar\u0131 Koruma Kurulu toplant\u0131s\u0131n\u0131n ard\u0131ndan baz\u0131 sanal medya hesaplar\u0131nda yer alan&#8230;<\/p>\n","protected":false},"author":2,"featured_media":31058,"comment_status":"open","ping_status":"open","sticky":false,"template":"","format":"standard","meta":{"footnotes":""},"categories":[6,5],"tags":[],"class_list":["post-31059","post","type-post","status-publish","format-standard","has-post-thumbnail","hentry","category-gundem","category-son-dakika"],"_links":{"self":[{"href":"https:\/\/eskigazeteci.com\/index.php?rest_route=\/wp\/v2\/posts\/31059","targetHints":{"allow":["GET"]}}],"collection":[{"href":"https:\/\/eskigazeteci.com\/index.php?rest_route=\/wp\/v2\/posts"}],"about":[{"href":"https:\/\/eskigazeteci.com\/index.php?rest_route=\/wp\/v2\/types\/post"}],"author":[{"embeddable":true,"href":"https:\/\/eskigazeteci.com\/index.php?rest_route=\/wp\/v2\/users\/2"}],"replies":[{"embeddable":true,"href":"https:\/\/eskigazeteci.com\/index.php?rest_route=%2Fwp%2Fv2%2Fcomments&post=31059"}],"version-history":[{"count":0,"href":"https:\/\/eskigazeteci.com\/index.php?rest_route=\/wp\/v2\/posts\/31059\/revisions"}],"wp:featuredmedia":[{"embeddable":true,"href":"https:\/\/eskigazeteci.com\/index.php?rest_route=\/wp\/v2\/media\/31058"}],"wp:attachment":[{"href":"https:\/\/eskigazeteci.com\/index.php?rest_route=%2Fwp%2Fv2%2Fmedia&parent=31059"}],"wp:term":[{"taxonomy":"category","embeddable":true,"href":"https:\/\/eskigazeteci.com\/index.php?rest_route=%2Fwp%2Fv2%2Fcategories&post=31059"},{"taxonomy":"post_tag","embeddable":true,"href":"https:\/\/eskigazeteci.com\/index.php?rest_route=%2Fwp%2Fv2%2Ftags&post=31059"}],"curies":[{"name":"wp","href":"https:\/\/api.w.org\/{rel}","templated":true}]}}