{"id":31057,"date":"2026-04-30T18:36:58","date_gmt":"2026-04-30T18:36:58","guid":{"rendered":"https:\/\/eskigazeteci.com\/?p=31057"},"modified":"2026-04-30T18:36:58","modified_gmt":"2026-04-30T18:36:58","slug":"kadikoyde-dehset-anlari-mekandan-cikarilinca-kursun-yagdirdi","status":"publish","type":"post","link":"https:\/\/eskigazeteci.com\/?p=31057","title":{"rendered":"Kad\u0131k\u00f6y\u2019de deh\u015fet anlar\u0131! Mekandan \u00e7\u0131kar\u0131l\u0131nca kur\u015fun ya\u011fd\u0131rd\u0131"},"content":{"rendered":"<p>Olay, d\u00fcn saat 21.30 s\u0131ralar\u0131nda Caddebostan Mahallesi\u2019nde meydana geldi. Edinilen bilgiye g\u00f6re, U\u011fur O., yan\u0131nda bulunan 2 arkada\u015f\u0131yla birlikte e\u011flence mekan\u0131na geldi. \u0130\u015f yerinde alkol alan U\u011fur O., ta\u015fk\u0131nl\u0131k \u00e7\u0131kard\u0131. Bunun \u00fczerine i\u015f yeri sahibi Okan T. taraf\u0131ndan d\u0131\u015far\u0131 \u00e7\u0131kar\u0131ld\u0131.<\/p>\n<p>\u0130\u015e YER\u0130NE VE HAVAYA ATE\u015e ETT\u0130<\/p>\n<p>\u0130\u015f yerinden ayr\u0131lan U\u011fur O., bir s\u00fcre sonra ruhsats\u0131z tabancayla tek ba\u015f\u0131na yeniden olay yerine geldi. \u015e\u00fcpheli, i\u015f yerine ve havaya do\u011fru ate\u015f a\u00e7t\u0131ktan sonra yaya olarak ka\u00e7maya ba\u015flad\u0131. Bu s\u0131rada b\u00f6lgede devriye g\u00f6revi yapan polis ekipleri \u015f\u00fcpheliyi fark etti. Polis ekiplerinin &#x27;Dur&#x27; ihtar\u0131na ra\u011fmen U\u011fur O., elindeki silahla ka\u00e7maya devam etti.<\/p>\n<p>BACA\u011eINDAN VURULARAK YAKALADI<\/p>\n<p>\u015e\u00fcphelinin elindeki silahla ka\u00e7maya devam etmesi ve \u00e7evredeki vatanda\u015flar a\u00e7\u0131s\u0131ndan tehlike olu\u015fturmas\u0131 \u00fczerine g\u00f6revli polis memuru \u00f6nce havaya uyar\u0131 ate\u015fi a\u00e7t\u0131. \u0130kazlara ra\u011fmen ka\u00e7may\u0131 s\u00fcrd\u00fcren U\u011fur O., sol baca\u011f\u0131ndan vurularak etkisiz hale getirildi. Olay yerinde ilk m\u00fcdahalesi yap\u0131lan \u015f\u00fcpheli, bilinci a\u00e7\u0131k \u015fekilde G\u00f6ztepe Prof. Dr. S\u00fcleyman Yal\u00e7\u0131n \u015eehir Hastanesi\u2019ne kald\u0131r\u0131ld\u0131. Olay yeri inceleme ekiplerinin \u00e7al\u0131\u015fmas\u0131yla ele ge\u00e7irilen ruhsats\u0131z tabanca muhafaza alt\u0131na al\u0131n\u0131rken olayla ilgili&#8230;<\/p>\n","protected":false},"excerpt":{"rendered":"<p>Kad\u0131k\u00f6y\u2019de U\u011fur O. (39), alkol ald\u0131\u011f\u0131 e\u011flence mekan\u0131nda ta\u015fk\u0131nl\u0131k \u00e7\u0131kard\u0131\u011f\u0131 gerek\u00e7esiyle d\u0131\u015far\u0131 \u00e7\u0131kar\u0131ld\u0131. K\u0131sa s\u00fcre sonra ruhsats\u0131z tabancayla geri d\u00f6nen&#8230;<\/p>\n","protected":false},"author":2,"featured_media":31056,"comment_status":"open","ping_status":"open","sticky":false,"template":"","format":"standard","meta":{"footnotes":""},"categories":[6,5],"tags":[],"class_list":["post-31057","post","type-post","status-publish","format-standard","has-post-thumbnail","hentry","category-gundem","category-son-dakika"],"_links":{"self":[{"href":"https:\/\/eskigazeteci.com\/index.php?rest_route=\/wp\/v2\/posts\/31057","targetHints":{"allow":["GET"]}}],"collection":[{"href":"https:\/\/eskigazeteci.com\/index.php?rest_route=\/wp\/v2\/posts"}],"about":[{"href":"https:\/\/eskigazeteci.com\/index.php?rest_route=\/wp\/v2\/types\/post"}],"author":[{"embeddable":true,"href":"https:\/\/eskigazeteci.com\/index.php?rest_route=\/wp\/v2\/users\/2"}],"replies":[{"embeddable":true,"href":"https:\/\/eskigazeteci.com\/index.php?rest_route=%2Fwp%2Fv2%2Fcomments&post=31057"}],"version-history":[{"count":0,"href":"https:\/\/eskigazeteci.com\/index.php?rest_route=\/wp\/v2\/posts\/31057\/revisions"}],"wp:featuredmedia":[{"embeddable":true,"href":"https:\/\/eskigazeteci.com\/index.php?rest_route=\/wp\/v2\/media\/31056"}],"wp:attachment":[{"href":"https:\/\/eskigazeteci.com\/index.php?rest_route=%2Fwp%2Fv2%2Fmedia&parent=31057"}],"wp:term":[{"taxonomy":"category","embeddable":true,"href":"https:\/\/eskigazeteci.com\/index.php?rest_route=%2Fwp%2Fv2%2Fcategories&post=31057"},{"taxonomy":"post_tag","embeddable":true,"href":"https:\/\/eskigazeteci.com\/index.php?rest_route=%2Fwp%2Fv2%2Ftags&post=31057"}],"curies":[{"name":"wp","href":"https:\/\/api.w.org\/{rel}","templated":true}]}}