{"id":31055,"date":"2026-04-30T18:35:25","date_gmt":"2026-04-30T18:35:25","guid":{"rendered":"https:\/\/eskigazeteci.com\/?p=31055"},"modified":"2026-04-30T18:35:25","modified_gmt":"2026-04-30T18:35:25","slug":"cuma-namazi-saati-istanbul-ankara-izmir-1-mayis-il-il-cuma-namazi-ogle-ezani-saatleri","status":"publish","type":"post","link":"https:\/\/eskigazeteci.com\/?p=31055","title":{"rendered":"CUMA NAMAZI SAAT\u0130 \u0130STANBUL, ANKARA, \u0130ZM\u0130R (1 May\u0131s il il cuma namaz\u0131-\u00f6\u011fle ezan\u0131 saatleri)"},"content":{"rendered":"<p>Diyanet cuma namaz\u0131 saatleri 1 May\u0131s 2026 81 il i\u00e7in belli oldu. M\u00fcsl\u00fcmanlar\u0131n ibadetlerini idrak edece\u011fi cuma g\u00fcn\u00fcn\u00fcn gelmesiyle birlikte, cuma namaz\u0131 saat ka\u00e7ta k\u0131l\u0131nacak? sorusu g\u00fcndeme geldi. Diyanet&#x27;in namaz vakitleri ekran\u0131ndan yay\u0131nlanan cuma namaz\u0131 saatleri eri\u015fime a\u00e7\u0131ld\u0131. Vatanda\u015flar, ya\u015fad\u0131klar\u0131 ilin cuma namaz\u0131 vakitlerine g\u00f6re ibadetlerini ger\u00e7ekle\u015ftirecek. 1 May\u0131s cuma namaz\u0131 saatlerini, hurriyet.com.tr namaz vakitleri ekran\u0131ndan ya\u015fad\u0131\u011f\u0131n\u0131z ili se\u00e7erek sorgulayabilirsiniz. Peygamberimiz Cuma namaz\u0131n\u0131 ilk defa Mekke\u2019den Medine\u2019ye hicret ettiklerinde hen\u00fcz Medine\u2019ye ula\u015fmadan Medine yak\u0131n\u0131ndaki Ranuna vadisinde Salim b. Avf kabilesini ziyaretleri s\u0131ras\u0131nda orada bulunan namazgahta k\u0131ld\u0131rm\u0131\u015ft\u0131r. Peki, 1 May\u0131s cuma namaz\u0131 saati ka\u00e7ta, nas\u0131l k\u0131l\u0131n\u0131r? \u0130\u015fte, cuma namaz\u0131 saati \u0130stanbul, Ankara, \u0130zmir ve 81 il i\u00e7in g\u00f6r\u00fcnt\u00fcleme ekran\u0131.<\/p>\n<p>Diyanet \u0130\u015fleri Ba\u015fkanl\u0131\u011f\u0131&#x27;n\u0131n &quot;namazvakitleri.diyanet.gov.tr&quot; internet sitesi \u00fczerinden, il il 1 May\u0131s 2026 tarihli cuma namaz\u0131 saatleri belli oldu. Bu hafta cuma namaz\u0131 vakitleri \u015f\u00f6yle olacak; \u0130STANBUL: 13:06 ANKARA:12:51 \u0130ZM\u0130R:13:14 \u0130llere g\u00f6re 81 ilin cuma namaz\u0131 saatleri i\u00e7in a\u015fa\u011f\u0131daki ba\u011flant\u0131ya t\u0131klay\u0131n. \u0130L \u0130L CUMA NAMAZI SAATLER\u0130 \u0130\u00c7\u0130N&#8230;<\/p>\n","protected":false},"excerpt":{"rendered":"<p>1 May\u0131s cuma namaz\u0131 saat ka\u00e7ta? Diyanet namaz vakitleri ile yan\u0131t buldu. Bu hafta cuma namaz\u0131 saati \u0130stanbul, Ankara, \u0130zmir, Adana, Bursa ve 81 il i\u00e7in belli&#8230;<\/p>\n","protected":false},"author":2,"featured_media":31054,"comment_status":"open","ping_status":"open","sticky":false,"template":"","format":"standard","meta":{"footnotes":""},"categories":[6,5],"tags":[],"class_list":["post-31055","post","type-post","status-publish","format-standard","has-post-thumbnail","hentry","category-gundem","category-son-dakika"],"_links":{"self":[{"href":"https:\/\/eskigazeteci.com\/index.php?rest_route=\/wp\/v2\/posts\/31055","targetHints":{"allow":["GET"]}}],"collection":[{"href":"https:\/\/eskigazeteci.com\/index.php?rest_route=\/wp\/v2\/posts"}],"about":[{"href":"https:\/\/eskigazeteci.com\/index.php?rest_route=\/wp\/v2\/types\/post"}],"author":[{"embeddable":true,"href":"https:\/\/eskigazeteci.com\/index.php?rest_route=\/wp\/v2\/users\/2"}],"replies":[{"embeddable":true,"href":"https:\/\/eskigazeteci.com\/index.php?rest_route=%2Fwp%2Fv2%2Fcomments&post=31055"}],"version-history":[{"count":0,"href":"https:\/\/eskigazeteci.com\/index.php?rest_route=\/wp\/v2\/posts\/31055\/revisions"}],"wp:featuredmedia":[{"embeddable":true,"href":"https:\/\/eskigazeteci.com\/index.php?rest_route=\/wp\/v2\/media\/31054"}],"wp:attachment":[{"href":"https:\/\/eskigazeteci.com\/index.php?rest_route=%2Fwp%2Fv2%2Fmedia&parent=31055"}],"wp:term":[{"taxonomy":"category","embeddable":true,"href":"https:\/\/eskigazeteci.com\/index.php?rest_route=%2Fwp%2Fv2%2Fcategories&post=31055"},{"taxonomy":"post_tag","embeddable":true,"href":"https:\/\/eskigazeteci.com\/index.php?rest_route=%2Fwp%2Fv2%2Ftags&post=31055"}],"curies":[{"name":"wp","href":"https:\/\/api.w.org\/{rel}","templated":true}]}}