{"id":31053,"date":"2026-04-30T18:25:25","date_gmt":"2026-04-30T18:25:25","guid":{"rendered":"https:\/\/eskigazeteci.com\/?p=31053"},"modified":"2026-04-30T18:25:25","modified_gmt":"2026-04-30T18:25:25","slug":"1-mayis-isci-bayrami-kutlama-mesajlari-2026-1-mayis-mesajlari-resimli-kisa","status":"publish","type":"post","link":"https:\/\/eskigazeteci.com\/?p=31053","title":{"rendered":"1 MAYIS \u0130\u015e\u00c7\u0130 BAYRAMI KUTLAMA MESAJLARI 2026 &#8211; 1 MAYIS MESAJLARI RES\u0130ML\u0130 KISA"},"content":{"rendered":"<p>1 May\u0131s mesajlar\u0131 ve s\u00f6zleri i\u00e7in resimli ve anlaml\u0131 se\u00e7enekler, i\u015f\u00e7i bayram\u0131nda payla\u015f\u0131mlar\u0131 ta\u00e7land\u0131racak. 1 May\u0131s \u0130\u015f\u00e7i ve Emek\u00e7i Bayram\u0131 kutlama s\u00f6zleri g\u00f6rselli, birlik beraberlik temal\u0131 ve di\u011fer alternatiflerle payla\u015f\u0131mlarda yer al\u0131yor. \u0130\u015f\u00e7ilerin g\u00fcnl\u00fck \u00e7al\u0131\u015fma s\u00fcresinin d\u00fc\u015f\u00fcr\u00fclmesi i\u00e7in verdi\u011fi m\u00fccadeleden do\u011fan 1 May\u0131s, d\u00fcnyan\u0131n d\u00f6rt bir yan\u0131nda bir as\u0131rdan fazlad\u0131r emek ve i\u015f\u00e7i bayram\u0131 olarak kutlan\u0131yor. 1 May\u0131s Emek ve Dayan\u0131\u015fma G\u00fcn\u00fc kutlama s\u00f6zleri, g\u00fcn\u00fcn anlam ve \u00f6nemine vurgu yap\u0131yor. Dayan\u0131\u015fma, birlik ve beraberli\u011fin \u00f6n plana \u00e7\u0131kt\u0131\u011f\u0131 bu g\u00fcn, T\u00fcrkiye&#x27;de ilk kez 1923&#x27;te resm\u00ee olarak kutland\u0131. Bu \u00f6nemli g\u00fcn dolay\u0131s\u0131yla g\u00f6rselli, birlik, m\u00fccadele ve beraberlik temal\u0131, anlaml\u0131, farkl\u0131 1 May\u0131s mesajlar\u0131 ve resimli kutlama s\u00f6zlerini sizler de tercih edebilirsiniz. \u0130\u015fte, WhatsApp, X (Twitter), Tiktok, Facebook&#x27;a uygun uzun-k\u0131sa, duygulu, en g\u00fczel anlaml\u0131 1 May\u0131s \u0130\u015f\u00e7i Bayram\u0131 mesajlar\u0131 ile kutlama s\u00f6zleri.<\/p>\n<p>Her zaman ve her ko\u015fulda hayat\u0131n devam\u0131 i\u00e7in emek veren t\u00fcm emek\u00e7ilerimizin 1 May\u0131s Emek ve Dayan\u0131\u015fma G\u00fcn\u00fc kutlu olsun. \u00dcreten, hayat veren, al\u0131n teriyle \u00fclkemizin b\u00fcy\u00fcmesine ve geli\u015fmesine katk\u0131 sa\u011flayan t\u00fcm emek\u00e7ilerimizin 1 May\u0131s Emek ve Dayan\u0131\u015fma G\u00fcn\u00fc&#x27;n\u00fc tebrik&#8230;<\/p>\n","protected":false},"excerpt":{"rendered":"<p>1 May\u0131s kutlama mesajlar\u0131 \u0130\u015f\u00e7i Bayram\u0131 s\u00f6zleri 2026, g\u00f6nderilerde yer almaya ba\u015flad\u0131. \u0130\u015f\u00e7i ve emek\u00e7iler taraf\u0131ndan d\u00fcnya \u00e7ap\u0131nda kutlanan, birlik, dayan\u0131\u015fma&#8230;<\/p>\n","protected":false},"author":2,"featured_media":31052,"comment_status":"open","ping_status":"open","sticky":false,"template":"","format":"standard","meta":{"footnotes":""},"categories":[6,5],"tags":[],"class_list":["post-31053","post","type-post","status-publish","format-standard","has-post-thumbnail","hentry","category-gundem","category-son-dakika"],"_links":{"self":[{"href":"https:\/\/eskigazeteci.com\/index.php?rest_route=\/wp\/v2\/posts\/31053","targetHints":{"allow":["GET"]}}],"collection":[{"href":"https:\/\/eskigazeteci.com\/index.php?rest_route=\/wp\/v2\/posts"}],"about":[{"href":"https:\/\/eskigazeteci.com\/index.php?rest_route=\/wp\/v2\/types\/post"}],"author":[{"embeddable":true,"href":"https:\/\/eskigazeteci.com\/index.php?rest_route=\/wp\/v2\/users\/2"}],"replies":[{"embeddable":true,"href":"https:\/\/eskigazeteci.com\/index.php?rest_route=%2Fwp%2Fv2%2Fcomments&post=31053"}],"version-history":[{"count":0,"href":"https:\/\/eskigazeteci.com\/index.php?rest_route=\/wp\/v2\/posts\/31053\/revisions"}],"wp:featuredmedia":[{"embeddable":true,"href":"https:\/\/eskigazeteci.com\/index.php?rest_route=\/wp\/v2\/media\/31052"}],"wp:attachment":[{"href":"https:\/\/eskigazeteci.com\/index.php?rest_route=%2Fwp%2Fv2%2Fmedia&parent=31053"}],"wp:term":[{"taxonomy":"category","embeddable":true,"href":"https:\/\/eskigazeteci.com\/index.php?rest_route=%2Fwp%2Fv2%2Fcategories&post=31053"},{"taxonomy":"post_tag","embeddable":true,"href":"https:\/\/eskigazeteci.com\/index.php?rest_route=%2Fwp%2Fv2%2Ftags&post=31053"}],"curies":[{"name":"wp","href":"https:\/\/api.w.org\/{rel}","templated":true}]}}