{"id":31051,"date":"2026-04-30T18:15:32","date_gmt":"2026-04-30T18:15:32","guid":{"rendered":"https:\/\/eskigazeteci.com\/?p=31051"},"modified":"2026-04-30T18:15:32","modified_gmt":"2026-04-30T18:15:32","slug":"emniyet-genel-mudurlugune-atanan-fidan-gorevi-devraldi","status":"publish","type":"post","link":"https:\/\/eskigazeteci.com\/?p=31051","title":{"rendered":"Emniyet Genel M\u00fcd\u00fcrl\u00fc\u011f\u00fcne atanan Fidan g\u00f6revi devrald\u0131"},"content":{"rendered":"<p>Fidan, Emniyet Genel M\u00fcd\u00fcrl\u00fc\u011f\u00fc &#x27;nde d\u00fczenlenen t\u00f6renle g\u00f6revi Mahmut Demirta\u015f&#x27;tan devrald\u0131.<\/p>\n<p>Emniyet Genel M\u00fcd\u00fcrl\u00fc\u011f\u00fcn\u00fcn NSosyal hesab\u0131ndan bir mesaj yay\u0131mlayan Fidan, bug\u00fcn yeni g\u00f6revine ba\u015flamas\u0131 dolay\u0131s\u0131yla Cumhurba\u015fkan\u0131 Recep Tayyip Erdo\u011fan ve \u0130\u00e7i\u015fleri Bakan\u0131 Mustafa \u00c7ift\u00e7i&#x27;ye sayg\u0131 ve \u015f\u00fckranlar\u0131n\u0131 sundu.<\/p>\n<p>T\u00fcrk Polis Te\u015fkilat\u0131n\u0131n, aziz \u015fehitlerin ve kahraman gazilerin fedakarl\u0131klar\u0131 ile milletin duas\u0131yla g\u00fc\u00e7 bulan, k\u00f6kl\u00fc mazisi, sars\u0131lmaz vazife \u015fuuru ve millete hizmet anlay\u0131\u015f\u0131yla devletin kudretini ve milletin g\u00fcvenini temsil etti\u011fini vurgulayan Fidan, te\u015fkilat\u0131n k\u0131ymetli mensuplar\u0131yla g\u00f6rev yapacak olmaktan b\u00fcy\u00fck onur duydu\u011funu belirtti.<\/p>\n<p>Fidan, mesaj\u0131nda \u015funlar\u0131 kaydetti:<\/p>\n<p>&quot;Devrald\u0131\u011f\u0131m\u0131z hizmet bayra\u011f\u0131n\u0131, aziz milletimizin huzuru ve g\u00fcvenli\u011fi i\u00e7in \u00fclkemizin d\u00f6rt bir yan\u0131nda fedakarca g\u00f6rev yapan her r\u00fctbe ve kademedeki mesai arkada\u015flar\u0131m\u0131zla birlikte, g\u00fc\u00e7l\u00fc bir irade ve heyecanla daha ileriye ta\u015f\u0131mak i\u00e7in Say\u0131n Bakan\u0131m\u0131z\u0131n riyasetinde azim ve kararl\u0131l\u0131kla \u00e7al\u0131\u015faca\u011f\u0131z. Bu sorumluluk bilinciyle adalete ve hukuka ba\u011fl\u0131l\u0131\u011f\u0131 esas alan bir g\u00fcvenlik anlay\u0131\u015f\u0131yla \u00fclke genelinde huzur ve g\u00fcvenlik ortam\u0131n\u0131 daha g\u00fc\u00e7l\u00fc, daha g\u00f6r\u00fcn\u00fcr ve daha kal\u0131c\u0131 hale getirmek temel \u00f6nceli\u011fimiz&#8230;<\/p>\n","protected":false},"excerpt":{"rendered":"<p>Emniyet Genel M\u00fcd\u00fcrl\u00fc\u011f\u00fcne atanan Ali Fidan, adalete ve hukuka ba\u011fl\u0131l\u0131\u011f\u0131 esas alan bir g\u00fcvenlik anlay\u0131\u015f\u0131yla \u00fclke genelinde huzur ve g\u00fcvenlik ortam\u0131n\u0131 daha&#8230;<\/p>\n","protected":false},"author":2,"featured_media":31050,"comment_status":"open","ping_status":"open","sticky":false,"template":"","format":"standard","meta":{"footnotes":""},"categories":[6,5],"tags":[],"class_list":["post-31051","post","type-post","status-publish","format-standard","has-post-thumbnail","hentry","category-gundem","category-son-dakika"],"_links":{"self":[{"href":"https:\/\/eskigazeteci.com\/index.php?rest_route=\/wp\/v2\/posts\/31051","targetHints":{"allow":["GET"]}}],"collection":[{"href":"https:\/\/eskigazeteci.com\/index.php?rest_route=\/wp\/v2\/posts"}],"about":[{"href":"https:\/\/eskigazeteci.com\/index.php?rest_route=\/wp\/v2\/types\/post"}],"author":[{"embeddable":true,"href":"https:\/\/eskigazeteci.com\/index.php?rest_route=\/wp\/v2\/users\/2"}],"replies":[{"embeddable":true,"href":"https:\/\/eskigazeteci.com\/index.php?rest_route=%2Fwp%2Fv2%2Fcomments&post=31051"}],"version-history":[{"count":0,"href":"https:\/\/eskigazeteci.com\/index.php?rest_route=\/wp\/v2\/posts\/31051\/revisions"}],"wp:featuredmedia":[{"embeddable":true,"href":"https:\/\/eskigazeteci.com\/index.php?rest_route=\/wp\/v2\/media\/31050"}],"wp:attachment":[{"href":"https:\/\/eskigazeteci.com\/index.php?rest_route=%2Fwp%2Fv2%2Fmedia&parent=31051"}],"wp:term":[{"taxonomy":"category","embeddable":true,"href":"https:\/\/eskigazeteci.com\/index.php?rest_route=%2Fwp%2Fv2%2Fcategories&post=31051"},{"taxonomy":"post_tag","embeddable":true,"href":"https:\/\/eskigazeteci.com\/index.php?rest_route=%2Fwp%2Fv2%2Ftags&post=31051"}],"curies":[{"name":"wp","href":"https:\/\/api.w.org\/{rel}","templated":true}]}}