{"id":31049,"date":"2026-04-30T18:08:27","date_gmt":"2026-04-30T18:08:27","guid":{"rendered":"https:\/\/eskigazeteci.com\/?p=31049"},"modified":"2026-04-30T18:08:27","modified_gmt":"2026-04-30T18:08:27","slug":"tsk-heyelanin-kapattigi-hakkari","status":"publish","type":"post","link":"https:\/\/eskigazeteci.com\/?p=31049","title":{"rendered":"TSK, heyelan\u0131n kapatt\u0131\u011f\u0131 Hakkari"},"content":{"rendered":"<p>Hakkari kent merkezine yakla\u015f\u0131k 40 kilometre uzakl\u0131ktaki Ak\u00e7al\u0131 k\u00f6y\u00fc yak\u0131nlar\u0131nda 13 Nisan&#x27;da meydana gelen heyelanlar\u0131n ard\u0131ndan kapanan kara yolunda \u00e7al\u0131\u015fmalar aral\u0131ks\u0131z s\u00fcrd\u00fcr\u00fcl\u00fcyor. Karayollar\u0131 11\u2019inci B\u00f6lge M\u00fcd\u00fcrl\u00fc\u011f\u00fc ekipleri taraf\u0131ndan Zap Suyu\u2019nun kar\u015f\u0131 taraf\u0131nda a\u00e7\u0131lan alternatif servis yolunda sona yakla\u015f\u0131ld\u0131. T\u00fcrk Silahl\u0131 Kuvvetleri taraf\u0131ndan b\u00f6lgede inceleme yap\u0131l\u0131rken, kurulacak panel k\u00f6pr\u00fcn\u00fcn zemin haz\u0131rl\u0131klar\u0131n\u0131n da tamamland\u0131\u011f\u0131 belirtildi.<\/p>\n<p>\u0130K\u0130 A\u015eAMALI B\u0130R PLAN \u00dcZER\u0130NDE \u00c7ALI\u015eIYORUZ&#x27;<\/p>\n<p>Karayollar\u0131 11\u2019inci B\u00f6lge M\u00fcd\u00fcr\u00fc Demirhan Erol, heyelan sonras\u0131 yolun yeniden ula\u015f\u0131ma a\u00e7\u0131lmas\u0131 i\u00e7in iki a\u015famal\u0131 plan \u00fczerinde \u00e7al\u0131\u015ft\u0131klar\u0131n\u0131 s\u00f6yledi. Erol, ilk etapta Ba\u011f\u0131\u015fl\u0131 k\u00f6y yolunun onar\u0131larak k\u00fc\u00e7\u00fck ara\u00e7lar\u0131n ge\u00e7i\u015fine a\u00e7\u0131ld\u0131\u011f\u0131n\u0131, e\u015f zamanl\u0131 olarak ise Zap Suyu\u2019nun kar\u015f\u0131 k\u0131y\u0131s\u0131nda 2,5 kilometrelik alternatif servis yolunun yap\u0131m\u0131na ba\u015fland\u0131\u011f\u0131n\u0131 ifade etti.<\/p>\n<p>Servis yolunun, T\u00fcrk Silahl\u0131 Kuvvetleri taraf\u0131ndan kurulacak panel k\u00f6pr\u00fc ile birle\u015ftirilece\u011fini kaydeden Erol, \u201cPanel k\u00f6pr\u00fcn\u00fcn lojistik haz\u0131rl\u0131klar\u0131 ba\u015flad\u0131. Hedefimiz, k\u00f6pr\u00fc kurulana kadar servis yolunu tamamlayarak trafi\u011fe a\u00e7mak.&quot; dedi.<\/p>\n<p>B\u00f6lgede Karayollar\u0131 ekiplerinin 54 i\u015f makinesi ve 133 personelle gece g\u00fcnd\u00fcz \u00e7al\u0131\u015fma&#8230;<\/p>\n","protected":false},"excerpt":{"rendered":"<p>Hakkari- Van karayolunda meydana gelen heyelan nedeniyle ula\u015f\u0131ma kapanan b\u00f6lgede, T\u00fcrk Silahl\u0131 Kuvvetleri taraf\u0131ndan ba\u015flat\u0131lan \u00e7al\u0131\u015fmalarda panel k\u00f6pr\u00fc i\u00e7in&#8230;<\/p>\n","protected":false},"author":2,"featured_media":31048,"comment_status":"open","ping_status":"open","sticky":false,"template":"","format":"standard","meta":{"footnotes":""},"categories":[6,5],"tags":[],"class_list":["post-31049","post","type-post","status-publish","format-standard","has-post-thumbnail","hentry","category-gundem","category-son-dakika"],"_links":{"self":[{"href":"https:\/\/eskigazeteci.com\/index.php?rest_route=\/wp\/v2\/posts\/31049","targetHints":{"allow":["GET"]}}],"collection":[{"href":"https:\/\/eskigazeteci.com\/index.php?rest_route=\/wp\/v2\/posts"}],"about":[{"href":"https:\/\/eskigazeteci.com\/index.php?rest_route=\/wp\/v2\/types\/post"}],"author":[{"embeddable":true,"href":"https:\/\/eskigazeteci.com\/index.php?rest_route=\/wp\/v2\/users\/2"}],"replies":[{"embeddable":true,"href":"https:\/\/eskigazeteci.com\/index.php?rest_route=%2Fwp%2Fv2%2Fcomments&post=31049"}],"version-history":[{"count":0,"href":"https:\/\/eskigazeteci.com\/index.php?rest_route=\/wp\/v2\/posts\/31049\/revisions"}],"wp:featuredmedia":[{"embeddable":true,"href":"https:\/\/eskigazeteci.com\/index.php?rest_route=\/wp\/v2\/media\/31048"}],"wp:attachment":[{"href":"https:\/\/eskigazeteci.com\/index.php?rest_route=%2Fwp%2Fv2%2Fmedia&parent=31049"}],"wp:term":[{"taxonomy":"category","embeddable":true,"href":"https:\/\/eskigazeteci.com\/index.php?rest_route=%2Fwp%2Fv2%2Fcategories&post=31049"},{"taxonomy":"post_tag","embeddable":true,"href":"https:\/\/eskigazeteci.com\/index.php?rest_route=%2Fwp%2Fv2%2Ftags&post=31049"}],"curies":[{"name":"wp","href":"https:\/\/api.w.org\/{rel}","templated":true}]}}