{"id":31047,"date":"2026-04-30T18:06:52","date_gmt":"2026-04-30T18:06:52","guid":{"rendered":"https:\/\/eskigazeteci.com\/?p=31047"},"modified":"2026-04-30T18:06:52","modified_gmt":"2026-04-30T18:06:52","slug":"libyende-flintlock-konferansi-tamamlanmistir","status":"publish","type":"post","link":"https:\/\/eskigazeteci.com\/?p=31047","title":{"rendered":"Libyen&#8217;de &#8216;Flintlock&#8217; Konferans\u0131 Tamamlanm\u0131\u015ft\u0131r"},"content":{"rendered":"<p>Libyen&#x27;nin Sirte kentinde d\u00fczenlenen &#x27;Flintlock-2026 \u00c7ok Uluslu \u00d6zel Kuvvetler Tatbikat\u0131&#x27; tamamland\u0131. Bu konferans, Libya&#x27;n\u0131n \u00f6nemli g\u00fcvenlik ve defteri belirleyen bir konuda ger\u00e7ekle\u015fti.<\/p>\n","protected":false},"excerpt":{"rendered":"<p>&#8216;Flintlock-2026 \u00c7ok Uluslu \u00d6zel Kuvvetler Tatbikat\u0131&#8217;\u0131n d\u00fczeni ger\u00e7ekle\u015ftirildi.<\/p>\n","protected":false},"author":2,"featured_media":31046,"comment_status":"open","ping_status":"open","sticky":false,"template":"","format":"standard","meta":{"footnotes":""},"categories":[6,5],"tags":[],"class_list":["post-31047","post","type-post","status-publish","format-standard","has-post-thumbnail","hentry","category-gundem","category-son-dakika"],"_links":{"self":[{"href":"https:\/\/eskigazeteci.com\/index.php?rest_route=\/wp\/v2\/posts\/31047","targetHints":{"allow":["GET"]}}],"collection":[{"href":"https:\/\/eskigazeteci.com\/index.php?rest_route=\/wp\/v2\/posts"}],"about":[{"href":"https:\/\/eskigazeteci.com\/index.php?rest_route=\/wp\/v2\/types\/post"}],"author":[{"embeddable":true,"href":"https:\/\/eskigazeteci.com\/index.php?rest_route=\/wp\/v2\/users\/2"}],"replies":[{"embeddable":true,"href":"https:\/\/eskigazeteci.com\/index.php?rest_route=%2Fwp%2Fv2%2Fcomments&post=31047"}],"version-history":[{"count":0,"href":"https:\/\/eskigazeteci.com\/index.php?rest_route=\/wp\/v2\/posts\/31047\/revisions"}],"wp:featuredmedia":[{"embeddable":true,"href":"https:\/\/eskigazeteci.com\/index.php?rest_route=\/wp\/v2\/media\/31046"}],"wp:attachment":[{"href":"https:\/\/eskigazeteci.com\/index.php?rest_route=%2Fwp%2Fv2%2Fmedia&parent=31047"}],"wp:term":[{"taxonomy":"category","embeddable":true,"href":"https:\/\/eskigazeteci.com\/index.php?rest_route=%2Fwp%2Fv2%2Fcategories&post=31047"},{"taxonomy":"post_tag","embeddable":true,"href":"https:\/\/eskigazeteci.com\/index.php?rest_route=%2Fwp%2Fv2%2Ftags&post=31047"}],"curies":[{"name":"wp","href":"https:\/\/api.w.org\/{rel}","templated":true}]}}