{"id":31045,"date":"2026-04-30T18:05:23","date_gmt":"2026-04-30T18:05:23","guid":{"rendered":"https:\/\/eskigazeteci.com\/?p=31045"},"modified":"2026-04-30T18:05:23","modified_gmt":"2026-04-30T18:05:23","slug":"t625gokbey-kara-kuvvetleri-komutanligina-teslim-edildi","status":"publish","type":"post","link":"https:\/\/eskigazeteci.com\/?p=31045","title":{"rendered":"T625G\u00d6KBEY, Kara Kuvvetleri Komutanl\u0131\u011f\u0131&#8217;na teslim edildi"},"content":{"rendered":"<p>TUSA\u015e Kahramankazan yerle\u015fkesinde; yerli ve milli imkanlarla \u00fcretilen Genel Maksat Helikopteri T625G\u00d6KBEY &#x27;in Kara Kuvvetleri Komutanl\u0131\u011f\u0131&#x27;na teslimat t\u00f6reni d\u00fczenlendi. D\u00fczenlenen t\u00f6rene Savunma Sanayii Ba\u015fkan\u0131 Haluk G\u00f6rg\u00fcn, Kara Kuvvetleri Komutan\u0131 Orgeneral Metin Tokel, TUSA\u015e Genel M\u00fcd\u00fcr\u00fc Mehmet Demiro\u011flu kat\u0131ld\u0131. Programda konu\u015fan, Savunma Sanayii Ba\u015fkan\u0131 Haluk G\u00f6rg\u00fcn, milli havac\u0131l\u0131k sanayinin ula\u015ft\u0131\u011f\u0131 seviyeye hep birlikte \u015fahitlik ettiklerini belirterek, &quot;G\u00d6KBEY&#x27;imizin tasar\u0131m\u0131 neredeyse t\u00fcm ana ve alt sistemlerinin \u00fcretimi, testleri ve sertifikasyonu milli imkanlarla ger\u00e7ekle\u015ftirilmi\u015ftir. Bu gurur ba\u015fta TUSA\u015e olmak \u00fczere emek veren 200&#x27;\u00fcn \u00fczerinde faaliyet g\u00f6steren firmalar\u0131m\u0131za aittir. G\u00d6KBEY&#x27;imizin yolculu\u011fu ba\u015fkanl\u0131\u011f\u0131m\u0131z ile TUSA\u015e aras\u0131nda Haziran 2013&#x27;te \u00d6zg\u00fcn Helikopter Program\u0131 S\u00f6zle\u015fmesi&#x27;nin imzalanmas\u0131yla ba\u015flad\u0131. Programdan murad\u0131m\u0131z y\u00fcksek irtifa ve farkl\u0131 iklim ko\u015fullar\u0131nda gece ve g\u00fcnd\u00fcz g\u00f6rev yapabilecek milli ve \u00f6zg\u00fcn bir genel maksat helikopteri geli\u015ftirmekti. G\u00d6KBEY, b\u00fcy\u00fck bir azimle y\u00fcr\u00fct\u00fclen \u00e7al\u0131\u015fmalar neticesinde ilk u\u00e7u\u015funu 6 Eyl\u00fcl 2018 tarihinde ger\u00e7ekle\u015ftirdi. Son derece anlaml\u0131 bir g\u00fcnde 29 Ekim 2024&#x27;te ise Jandarma Genel Komutanl\u0131\u011f\u0131&#x27;m\u0131za ilk&#8230;<\/p>\n","protected":false},"excerpt":{"rendered":"<p>T\u00fcrk Havac\u0131l\u0131k ve Uzay Sanayii A\u015e (TUSA\u015e) taraf\u0131ndan yerli ve milli imkanlarla \u00fcretilen Genel Maksat Helikopteri T625G\u00d6KBEY&#8217;in Kara Kuvvetleri Komutanl\u0131\u011f\u0131&#8217;na&#8230;<\/p>\n","protected":false},"author":2,"featured_media":31044,"comment_status":"open","ping_status":"open","sticky":false,"template":"","format":"standard","meta":{"footnotes":""},"categories":[6,5],"tags":[],"class_list":["post-31045","post","type-post","status-publish","format-standard","has-post-thumbnail","hentry","category-gundem","category-son-dakika"],"_links":{"self":[{"href":"https:\/\/eskigazeteci.com\/index.php?rest_route=\/wp\/v2\/posts\/31045","targetHints":{"allow":["GET"]}}],"collection":[{"href":"https:\/\/eskigazeteci.com\/index.php?rest_route=\/wp\/v2\/posts"}],"about":[{"href":"https:\/\/eskigazeteci.com\/index.php?rest_route=\/wp\/v2\/types\/post"}],"author":[{"embeddable":true,"href":"https:\/\/eskigazeteci.com\/index.php?rest_route=\/wp\/v2\/users\/2"}],"replies":[{"embeddable":true,"href":"https:\/\/eskigazeteci.com\/index.php?rest_route=%2Fwp%2Fv2%2Fcomments&post=31045"}],"version-history":[{"count":0,"href":"https:\/\/eskigazeteci.com\/index.php?rest_route=\/wp\/v2\/posts\/31045\/revisions"}],"wp:featuredmedia":[{"embeddable":true,"href":"https:\/\/eskigazeteci.com\/index.php?rest_route=\/wp\/v2\/media\/31044"}],"wp:attachment":[{"href":"https:\/\/eskigazeteci.com\/index.php?rest_route=%2Fwp%2Fv2%2Fmedia&parent=31045"}],"wp:term":[{"taxonomy":"category","embeddable":true,"href":"https:\/\/eskigazeteci.com\/index.php?rest_route=%2Fwp%2Fv2%2Fcategories&post=31045"},{"taxonomy":"post_tag","embeddable":true,"href":"https:\/\/eskigazeteci.com\/index.php?rest_route=%2Fwp%2Fv2%2Ftags&post=31045"}],"curies":[{"name":"wp","href":"https:\/\/api.w.org\/{rel}","templated":true}]}}