{"id":31043,"date":"2026-04-30T17:55:22","date_gmt":"2026-04-30T17:55:22","guid":{"rendered":"https:\/\/eskigazeteci.com\/?p=31043"},"modified":"2026-04-30T17:55:22","modified_gmt":"2026-04-30T17:55:22","slug":"bazi-feribot-seferleri-iptal-edildi","status":"publish","type":"post","link":"https:\/\/eskigazeteci.com\/?p=31043","title":{"rendered":"Baz\u0131 feribot seferleri iptal edildi"},"content":{"rendered":"<p>Gesta\u015f A\u015e&#x27;den yap\u0131lan a\u00e7\u0131klamada, yar\u0131n Av\u015fa&#x27;dan saat 06.00 ve 13.00, Marmara&#x27;dan saat 06.45, Bal\u0131kl\u0131&#x27;dan saat 07.45 ve 12.00, Erdek&#x27;ten ise saat 11.00&#x27;deki kalk\u0131\u015fl\u0131 seferlerin olumsuz hava \u015fartlar\u0131ndan dolay\u0131 iptal edildi\u011fi bildirildi.<\/p>\n<p>A\u00e7\u0131klamada ayr\u0131ca Marmara&#x27;dan saat 16.00 ve 21.15, Av\u015fa&#x27;dan saat 16.45, Bal\u0131kl\u0131&#x27;dan saat 17.45 ve 20.15, Erdek&#x27;ten saat 19.15&#x27;teki seferlerin ise yap\u0131laca\u011f\u0131 belirtildi.<\/p>\n<p>T\u00fcrkiye g\u00fcndeminden son dakika haberleri, bug\u00fcn ya\u015fanan en son geli\u015fmeler, siyaset g\u00fcndeminden g\u00fcncel haberler ve b\u00fct\u00fcn son dakika haberleri i\u00e7in H\u00fcrriyet&#x27;in internet haber sitesi hurriyet.com.tr; Hurriyet.com.tr haber i\u00e7erikleri kaynak g\u00f6sterilmeden al\u0131nt\u0131 yap\u0131lamaz, Kanuna ayk\u0131r\u0131 ve izinsiz olarak kopyalanamaz, ba\u015fka yerde yay\u0131nlanamaz.<\/p>\n","protected":false},"excerpt":{"rendered":"<p>G\u00fcney Marmara-Adalar hatt\u0131nda yar\u0131n baz\u0131 feribot seferleri olumsuz hava \u015fartlar\u0131 nedeniyle iptal edildi<\/p>\n","protected":false},"author":2,"featured_media":31042,"comment_status":"open","ping_status":"open","sticky":false,"template":"","format":"standard","meta":{"footnotes":""},"categories":[6,5],"tags":[],"class_list":["post-31043","post","type-post","status-publish","format-standard","has-post-thumbnail","hentry","category-gundem","category-son-dakika"],"_links":{"self":[{"href":"https:\/\/eskigazeteci.com\/index.php?rest_route=\/wp\/v2\/posts\/31043","targetHints":{"allow":["GET"]}}],"collection":[{"href":"https:\/\/eskigazeteci.com\/index.php?rest_route=\/wp\/v2\/posts"}],"about":[{"href":"https:\/\/eskigazeteci.com\/index.php?rest_route=\/wp\/v2\/types\/post"}],"author":[{"embeddable":true,"href":"https:\/\/eskigazeteci.com\/index.php?rest_route=\/wp\/v2\/users\/2"}],"replies":[{"embeddable":true,"href":"https:\/\/eskigazeteci.com\/index.php?rest_route=%2Fwp%2Fv2%2Fcomments&post=31043"}],"version-history":[{"count":0,"href":"https:\/\/eskigazeteci.com\/index.php?rest_route=\/wp\/v2\/posts\/31043\/revisions"}],"wp:featuredmedia":[{"embeddable":true,"href":"https:\/\/eskigazeteci.com\/index.php?rest_route=\/wp\/v2\/media\/31042"}],"wp:attachment":[{"href":"https:\/\/eskigazeteci.com\/index.php?rest_route=%2Fwp%2Fv2%2Fmedia&parent=31043"}],"wp:term":[{"taxonomy":"category","embeddable":true,"href":"https:\/\/eskigazeteci.com\/index.php?rest_route=%2Fwp%2Fv2%2Fcategories&post=31043"},{"taxonomy":"post_tag","embeddable":true,"href":"https:\/\/eskigazeteci.com\/index.php?rest_route=%2Fwp%2Fv2%2Ftags&post=31043"}],"curies":[{"name":"wp","href":"https:\/\/api.w.org\/{rel}","templated":true}]}}