{"id":31033,"date":"2026-04-30T17:25:20","date_gmt":"2026-04-30T17:25:20","guid":{"rendered":"https:\/\/eskigazeteci.com\/?p=31033"},"modified":"2026-04-30T17:25:20","modified_gmt":"2026-04-30T17:25:20","slug":"bakan-fidan-yunan-mevkidasi-ile-kuresel-sumud-filosunu-gorustu","status":"publish","type":"post","link":"https:\/\/eskigazeteci.com\/?p=31033","title":{"rendered":"Bakan Fidan, Yunan mevkida\u015f\u0131 ile K\u00fcresel Sumud Filosu&#8217;nu g\u00f6r\u00fc\u015ft\u00fc"},"content":{"rendered":"<p>D\u0131\u015fi\u015fleri Bakan\u0131 Hakan Fidan, Yunanistan D\u0131\u015fi\u015fleri Bakan\u0131 Yorgo Gerapetritis ile telefon g\u00f6r\u00fc\u015fmesi ger\u00e7ekle\u015ftirdi.<\/p>\n","protected":false},"excerpt":{"rendered":"<p>D\u0131\u015fi\u015fleri Bakan\u0131 Hakan Fidan, Yunanistan D\u0131\u015fi\u015fleri Bakan\u0131 Yorgo Gerapetritis ile telefon g\u00f6r\u00fc\u015fmesi ger\u00e7ekle\u015ftirdi.<\/p>\n","protected":false},"author":2,"featured_media":31032,"comment_status":"open","ping_status":"open","sticky":false,"template":"","format":"standard","meta":{"footnotes":""},"categories":[6,5],"tags":[],"class_list":["post-31033","post","type-post","status-publish","format-standard","has-post-thumbnail","hentry","category-gundem","category-son-dakika"],"_links":{"self":[{"href":"https:\/\/eskigazeteci.com\/index.php?rest_route=\/wp\/v2\/posts\/31033","targetHints":{"allow":["GET"]}}],"collection":[{"href":"https:\/\/eskigazeteci.com\/index.php?rest_route=\/wp\/v2\/posts"}],"about":[{"href":"https:\/\/eskigazeteci.com\/index.php?rest_route=\/wp\/v2\/types\/post"}],"author":[{"embeddable":true,"href":"https:\/\/eskigazeteci.com\/index.php?rest_route=\/wp\/v2\/users\/2"}],"replies":[{"embeddable":true,"href":"https:\/\/eskigazeteci.com\/index.php?rest_route=%2Fwp%2Fv2%2Fcomments&post=31033"}],"version-history":[{"count":0,"href":"https:\/\/eskigazeteci.com\/index.php?rest_route=\/wp\/v2\/posts\/31033\/revisions"}],"wp:featuredmedia":[{"embeddable":true,"href":"https:\/\/eskigazeteci.com\/index.php?rest_route=\/wp\/v2\/media\/31032"}],"wp:attachment":[{"href":"https:\/\/eskigazeteci.com\/index.php?rest_route=%2Fwp%2Fv2%2Fmedia&parent=31033"}],"wp:term":[{"taxonomy":"category","embeddable":true,"href":"https:\/\/eskigazeteci.com\/index.php?rest_route=%2Fwp%2Fv2%2Fcategories&post=31033"},{"taxonomy":"post_tag","embeddable":true,"href":"https:\/\/eskigazeteci.com\/index.php?rest_route=%2Fwp%2Fv2%2Ftags&post=31033"}],"curies":[{"name":"wp","href":"https:\/\/api.w.org\/{rel}","templated":true}]}}