{"id":31031,"date":"2026-04-30T17:16:57","date_gmt":"2026-04-30T17:16:57","guid":{"rendered":"https:\/\/eskigazeteci.com\/?p=31031"},"modified":"2026-04-30T17:16:57","modified_gmt":"2026-04-30T17:16:57","slug":"epsteinin-korkunc-plani-afrikada-istismar-agi-kurmaya-calisti","status":"publish","type":"post","link":"https:\/\/eskigazeteci.com\/?p=31031","title":{"rendered":"Epstein\u2019in korkun\u00e7 plan\u0131: Afrika\u2019da istismar a\u011f\u0131 kurmaya \u00e7al\u0131\u015ft\u0131"},"content":{"rendered":"<p>ABD merkezli Miami Herald gazetesinin haberine g\u00f6re, Epstein, 2019\u2019da Manhattan\u2019daki bir hapishane h\u00fccresinde \u00f6l\u00fc bulunmadan \u00f6nceki y\u0131llarda Afrika\u2019n\u0131n farkl\u0131 b\u00f6lgelerinde elit \u00e7evrelerle ba\u011flant\u0131lar geli\u015ftirdi.<\/p>\n<p>Senegal\u2019de eski Cumhurba\u015fkan\u0131 Abdoulaye Wade\u2019in o\u011flu Karim Wade hakk\u0131nda y\u00fcr\u00fct\u00fclen yolsuzluk soru\u015fturmas\u0131 s\u0131ras\u0131nda Epstein\u2019\u0131n devreye girdi\u011fi aktar\u0131lan haberde, Wade\u2019e Palm Beach\u2019teki malikanesini teklif etti\u011fi ve hukuki masraflar i\u00e7in y\u00fcz binlerce dolar \u00f6deme yapt\u0131\u011f\u0131 belirtildi.<\/p>\n<p>Epstein\u2019\u0131n ayr\u0131ca ABD Kongresi ve D\u0131\u015fi\u015fleri Bakanl\u0131\u011f\u0131 nezdinde bask\u0131 olu\u015fturmak amac\u0131yla \u00fcst d\u00fczey bir hukuk firmas\u0131yla \u00e7al\u0131\u015ft\u0131\u011f\u0131 aktar\u0131ld\u0131.<\/p>\n<p>Haberde, Epstein\u2019\u0131n 2010\u2019da Libya\u2019n\u0131n eski lideri Muammer Kaddafi ile temas kurmaya \u00e7al\u0131\u015ft\u0131\u011f\u0131, ancak Kaddafi\u2019nin iktidar\u0131n\u0131n zay\u0131flamas\u0131yla birlikte rejim kar\u015f\u0131t\u0131 gruplar\u0131n liderlerine y\u00f6neldi\u011fi ifade edildi. Ayr\u0131ca bu s\u00fcre\u00e7te Libya\u2019n\u0131n dondurulmu\u015f varl\u0131klar\u0131 \u00fczerinden finansal f\u0131rsatlar arad\u0131\u011f\u0131 kaydedildi.<\/p>\n<p>Epstein\u2019\u0131n 2018\u2019de Palm Beach\u2019te yapt\u0131\u011f\u0131 bir g\u00f6r\u00fc\u015fmede, Nijerya do\u011fumlu i\u015f insan\u0131 Jide Zeitlin\u2019e Orta Afrika\u2019daki maden yat\u0131r\u0131mlar\u0131yla ilgili tavsiyelerde bulundu\u011fu ve ABD yapt\u0131r\u0131mlar\u0131 bulunan bir \u015firketle yap\u0131lacak anla\u015fman\u0131n nas\u0131l&#8230;<\/p>\n","protected":false},"excerpt":{"rendered":"<p>ABD&#8217;de re\u015fit olmayan k\u0131z \u00e7ocuklar\u0131na y\u00f6nelik fuhu\u015f a\u011f\u0131 kurdu\u011fu iddias\u0131yla yarg\u0131land\u0131\u011f\u0131 s\u0131rada hapishanede \u00f6l\u00fc bulunan milyarder Jeffrey Epstein&#8217;\u0131n ya\u015farken&#8230;<\/p>\n","protected":false},"author":2,"featured_media":31030,"comment_status":"open","ping_status":"open","sticky":false,"template":"","format":"standard","meta":{"footnotes":""},"categories":[6,5],"tags":[],"class_list":["post-31031","post","type-post","status-publish","format-standard","has-post-thumbnail","hentry","category-gundem","category-son-dakika"],"_links":{"self":[{"href":"https:\/\/eskigazeteci.com\/index.php?rest_route=\/wp\/v2\/posts\/31031","targetHints":{"allow":["GET"]}}],"collection":[{"href":"https:\/\/eskigazeteci.com\/index.php?rest_route=\/wp\/v2\/posts"}],"about":[{"href":"https:\/\/eskigazeteci.com\/index.php?rest_route=\/wp\/v2\/types\/post"}],"author":[{"embeddable":true,"href":"https:\/\/eskigazeteci.com\/index.php?rest_route=\/wp\/v2\/users\/2"}],"replies":[{"embeddable":true,"href":"https:\/\/eskigazeteci.com\/index.php?rest_route=%2Fwp%2Fv2%2Fcomments&post=31031"}],"version-history":[{"count":0,"href":"https:\/\/eskigazeteci.com\/index.php?rest_route=\/wp\/v2\/posts\/31031\/revisions"}],"wp:featuredmedia":[{"embeddable":true,"href":"https:\/\/eskigazeteci.com\/index.php?rest_route=\/wp\/v2\/media\/31030"}],"wp:attachment":[{"href":"https:\/\/eskigazeteci.com\/index.php?rest_route=%2Fwp%2Fv2%2Fmedia&parent=31031"}],"wp:term":[{"taxonomy":"category","embeddable":true,"href":"https:\/\/eskigazeteci.com\/index.php?rest_route=%2Fwp%2Fv2%2Fcategories&post=31031"},{"taxonomy":"post_tag","embeddable":true,"href":"https:\/\/eskigazeteci.com\/index.php?rest_route=%2Fwp%2Fv2%2Ftags&post=31031"}],"curies":[{"name":"wp","href":"https:\/\/api.w.org\/{rel}","templated":true}]}}