{"id":31029,"date":"2026-04-30T17:15:23","date_gmt":"2026-04-30T17:15:23","guid":{"rendered":"https:\/\/eskigazeteci.com\/?p=31029"},"modified":"2026-04-30T17:15:23","modified_gmt":"2026-04-30T17:15:23","slug":"son-dakika-hava-durumu-tahminleri-il-il-27","status":"publish","type":"post","link":"https:\/\/eskigazeteci.com\/?p=31029","title":{"rendered":"SON DAK\u0130KA HAVA DURUMU TAHM\u0130NLER\u0130 \u0130L \u0130L"},"content":{"rendered":"<p>Meteoroloji Genel M\u00fcd\u00fcrl\u00fc\u011f\u00fc taraf\u0131ndan yap\u0131lan son de\u011ferlendirmelere g\u00f6re, \u00fclkemiz genelinin par\u00e7al\u0131 ve \u00e7ok bulutlu, Marmara, Ege, Bat\u0131 Akdeniz, Do\u011fu Akdeniz&#x27;in do\u011fusu, \u0130\u00e7 Anadolu, Karadeniz, Do\u011fu Anadolu&#x27;nun kuzey ve bat\u0131s\u0131 ile (Kilis d\u0131\u015f\u0131nda) G\u00fcneydo\u011fu Anadolu\u2019nun aral\u0131kl\u0131 ya\u011f\u0131\u015fl\u0131 ge\u00e7ece\u011fi tahmin ediliyor. Genellikle ya\u011fmur ve sa\u011fanak, g\u00fcney ve i\u00e7 kesimlerde g\u00f6k g\u00fcr\u00fclt\u00fcl\u00fc sa\u011fanak \u015feklinde olmas\u0131 beklenen ya\u011f\u0131\u015flar\u0131n, Marmara&#x27;n\u0131n do\u011fusu, Bat\u0131 Karadeniz, Orta Karadeniz&#x27;in bat\u0131s\u0131, Do\u011fu Anadolu&#x27;nun kuzeydo\u011fusunda yer yer kuvvetli olaca\u011f\u0131 tahmin ediliyor.<\/p>\n<p>YA\u011eMUR VE SO\u011eUK HAVA GER\u0130 GEL\u0130YOR!<\/p>\n<p>Meteoroloji Genel M\u00fcd\u00fcrl\u00fc\u011f\u00fc (MGM), Marmara B\u00f6lgesi&#x27;nin 1 May\u0131s Cuma g\u00fcn\u00fcnden itibaren serin ve ya\u011f\u0131\u015fl\u0131 havan\u0131n etkisi alt\u0131na girece\u011fini, hava s\u0131cakl\u0131\u011f\u0131n\u0131n mevsim normallerinin alt\u0131nda seyredece\u011fini a\u00e7\u0131klad\u0131.<\/p>\n<p>MGM \u0130stanbul Tahmin ve Erken Uyar\u0131 Merkezi&#x27;nden yap\u0131lan a\u00e7\u0131klamada; Marmara B\u00f6lgesi&#x27;nin 1 May\u0131s Cuma g\u00fcn\u00fcnden itibaren serin ve ya\u011f\u0131\u015fl\u0131 havan\u0131n etkisi alt\u0131na girece\u011fi belirtildi. A\u00e7\u0131klamada, \u201cHalen mevsim normalleri civar\u0131nda seyreden hava s\u0131cakl\u0131klar\u0131n\u0131n hissedilir derecede azalarak \u00f6n\u00fcm\u00fczdeki hafta ortas\u0131na kadar mevsim normallerinin alt\u0131na d\u00fc\u015fece\u011fi tahmin edilmektedir. Ya\u011f\u0131\u015flar\u0131n genel&#8230;<\/p>\n","protected":false},"excerpt":{"rendered":"<p>Hava durumu tahminleri il il Meteoroloji&#8217;nin son dakika raporu ile yay\u0131nland\u0131. Yurt genelinde bat\u0131 kesimlerinden ba\u015flayarak serin ve ya\u011f\u0131\u015fl\u0131 havan\u0131n etkili&#8230;<\/p>\n","protected":false},"author":2,"featured_media":31028,"comment_status":"open","ping_status":"open","sticky":false,"template":"","format":"standard","meta":{"footnotes":""},"categories":[6,5],"tags":[],"class_list":["post-31029","post","type-post","status-publish","format-standard","has-post-thumbnail","hentry","category-gundem","category-son-dakika"],"_links":{"self":[{"href":"https:\/\/eskigazeteci.com\/index.php?rest_route=\/wp\/v2\/posts\/31029","targetHints":{"allow":["GET"]}}],"collection":[{"href":"https:\/\/eskigazeteci.com\/index.php?rest_route=\/wp\/v2\/posts"}],"about":[{"href":"https:\/\/eskigazeteci.com\/index.php?rest_route=\/wp\/v2\/types\/post"}],"author":[{"embeddable":true,"href":"https:\/\/eskigazeteci.com\/index.php?rest_route=\/wp\/v2\/users\/2"}],"replies":[{"embeddable":true,"href":"https:\/\/eskigazeteci.com\/index.php?rest_route=%2Fwp%2Fv2%2Fcomments&post=31029"}],"version-history":[{"count":0,"href":"https:\/\/eskigazeteci.com\/index.php?rest_route=\/wp\/v2\/posts\/31029\/revisions"}],"wp:featuredmedia":[{"embeddable":true,"href":"https:\/\/eskigazeteci.com\/index.php?rest_route=\/wp\/v2\/media\/31028"}],"wp:attachment":[{"href":"https:\/\/eskigazeteci.com\/index.php?rest_route=%2Fwp%2Fv2%2Fmedia&parent=31029"}],"wp:term":[{"taxonomy":"category","embeddable":true,"href":"https:\/\/eskigazeteci.com\/index.php?rest_route=%2Fwp%2Fv2%2Fcategories&post=31029"},{"taxonomy":"post_tag","embeddable":true,"href":"https:\/\/eskigazeteci.com\/index.php?rest_route=%2Fwp%2Fv2%2Ftags&post=31029"}],"curies":[{"name":"wp","href":"https:\/\/api.w.org\/{rel}","templated":true}]}}