{"id":31027,"date":"2026-04-30T17:05:17","date_gmt":"2026-04-30T17:05:17","guid":{"rendered":"https:\/\/eskigazeteci.com\/?p=31027"},"modified":"2026-04-30T17:05:17","modified_gmt":"2026-04-30T17:05:17","slug":"buyukcekmece-belediyesine-yonelik-yolsuzluk-sorusturmasi-tamamlandi","status":"publish","type":"post","link":"https:\/\/eskigazeteci.com\/?p=31027","title":{"rendered":"B\u00fcy\u00fck\u00e7ekmece Belediyesine y\u00f6nelik yolsuzluk soru\u015fturmas\u0131 tamamland\u0131"},"content":{"rendered":"<p>\u0130stanbul Cumhuriyet Ba\u015fsavc\u0131l\u0131\u011f\u0131&#x27;ndan yap\u0131lan a\u00e7\u0131klamada, \u015f\u00fcpheli Hasan Akg\u00fcn &#x27;le birlikte toplam 31 \u015f\u00fcpheli hakk\u0131nda d\u00fczenlenen, 14 eylemin yer ald\u0131\u011f\u0131 iddianamenin \u0130stanbul 27. A\u011f\u0131r Ceza Mahkemesine g\u00f6nderildi\u011fi belirtildi.<\/p>\n<p>\u015e\u00fcpheli Akg\u00fcn&#x27;\u00fcn &quot;\u00e7\u0131kar ama\u00e7l\u0131 su\u00e7 \u00f6rg\u00fct\u00fc kurma ve y\u00f6netme&quot;, 11 kez &quot;r\u00fc\u015fvet alma&quot;, 2 kez &quot;icbar suretiyle irtikap&quot; ve &quot;su\u00e7tan kaynaklanan mal varl\u0131\u011f\u0131 de\u011ferlerini aklama&quot; su\u00e7lar\u0131ndan cezaland\u0131r\u0131lmas\u0131na ve su\u00e7tan elde edildi\u011fi de\u011ferlendirilen 13 ta\u015f\u0131nmaz\u0131n m\u00fcsaderesine karar verilmesinin talep edildi\u011fi a\u00e7\u0131klamada yer ald\u0131.<\/p>\n<p>T\u00fcrkiye g\u00fcndeminden son dakika haberleri, bug\u00fcn ya\u015fanan en son geli\u015fmeler, siyaset g\u00fcndeminden g\u00fcncel haberler ve b\u00fct\u00fcn son dakika haberleri i\u00e7in H\u00fcrriyet&#x27;in internet haber sitesi hurriyet.com.tr; Hurriyet.com.tr haber i\u00e7erikleri kaynak g\u00f6sterilmeden al\u0131nt\u0131 yap\u0131lamaz, Kanuna ayk\u0131r\u0131 ve izinsiz olarak kopyalanamaz, ba\u015fka yerde yay\u0131nlanamaz.<\/p>\n","protected":false},"excerpt":{"rendered":"<p>\u0130stanbul Cumhuriyet Ba\u015fsavc\u0131l\u0131\u011f\u0131nca, B\u00fcy\u00fck\u00e7ekmece Belediyesine y\u00f6nelik y\u00fcr\u00fct\u00fclen yolsuzluk soru\u015fturmas\u0131n\u0131n tamamland\u0131\u011f\u0131 ve dava a\u00e7\u0131ld\u0131\u011f\u0131 bildirildi. \u015e\u00fcpheli&#8230;<\/p>\n","protected":false},"author":2,"featured_media":31026,"comment_status":"open","ping_status":"open","sticky":false,"template":"","format":"standard","meta":{"footnotes":""},"categories":[6,5],"tags":[],"class_list":["post-31027","post","type-post","status-publish","format-standard","has-post-thumbnail","hentry","category-gundem","category-son-dakika"],"_links":{"self":[{"href":"https:\/\/eskigazeteci.com\/index.php?rest_route=\/wp\/v2\/posts\/31027","targetHints":{"allow":["GET"]}}],"collection":[{"href":"https:\/\/eskigazeteci.com\/index.php?rest_route=\/wp\/v2\/posts"}],"about":[{"href":"https:\/\/eskigazeteci.com\/index.php?rest_route=\/wp\/v2\/types\/post"}],"author":[{"embeddable":true,"href":"https:\/\/eskigazeteci.com\/index.php?rest_route=\/wp\/v2\/users\/2"}],"replies":[{"embeddable":true,"href":"https:\/\/eskigazeteci.com\/index.php?rest_route=%2Fwp%2Fv2%2Fcomments&post=31027"}],"version-history":[{"count":0,"href":"https:\/\/eskigazeteci.com\/index.php?rest_route=\/wp\/v2\/posts\/31027\/revisions"}],"wp:featuredmedia":[{"embeddable":true,"href":"https:\/\/eskigazeteci.com\/index.php?rest_route=\/wp\/v2\/media\/31026"}],"wp:attachment":[{"href":"https:\/\/eskigazeteci.com\/index.php?rest_route=%2Fwp%2Fv2%2Fmedia&parent=31027"}],"wp:term":[{"taxonomy":"category","embeddable":true,"href":"https:\/\/eskigazeteci.com\/index.php?rest_route=%2Fwp%2Fv2%2Fcategories&post=31027"},{"taxonomy":"post_tag","embeddable":true,"href":"https:\/\/eskigazeteci.com\/index.php?rest_route=%2Fwp%2Fv2%2Ftags&post=31027"}],"curies":[{"name":"wp","href":"https:\/\/api.w.org\/{rel}","templated":true}]}}