{"id":31017,"date":"2026-04-30T16:25:16","date_gmt":"2026-04-30T16:25:16","guid":{"rendered":"https:\/\/eskigazeteci.com\/?p=31017"},"modified":"2026-04-30T16:25:16","modified_gmt":"2026-04-30T16:25:16","slug":"bakan-uraloglu-yol-medeniyettir","status":"publish","type":"post","link":"https:\/\/eskigazeteci.com\/?p=31017","title":{"rendered":"Bakan Uralo\u011flu: Yol medeniyettir"},"content":{"rendered":"<p>Ula\u015ft\u0131rma ve Altyap\u0131 Bakan\u0131 Abdulkadir Uralo\u011flu, \u00c7orum-La\u00e7in Yolu ve K\u0131rkdilim T\u00fcnellerinin hizmete a\u00e7\u0131lmas\u0131 ile ilgili t\u00f6rene kat\u0131ld\u0131. Bakan Uralo\u011flu\u2019nun yan\u0131 s\u0131ra t\u00f6rende, \u00c7orum Valisi Ali \u00c7algan, AK Parti \u00c7orum Milletvekilleri Yusuf Ahlatc\u0131 ve O\u011fuzhan Kaya, MHP Genel Sekreter Yard\u0131mc\u0131s\u0131 ve \u00c7orum Milletvekili Vahit Kayr\u0131c\u0131, \u00c7orum Belediye Ba\u015fkan\u0131 Halil \u0130brahim A\u015fg\u0131n, \u0130l Emniyet M\u00fcd\u00fcr\u00fc Arif Pehlivan, AK Parti \u0130l Ba\u015fkan\u0131 Yakup Alar, MHP \u0130l Ba\u015fkan\u0131 Mehmet \u0130hsan \u00c7\u0131plak, il\u00e7e belediye ba\u015fkanlar\u0131, daire m\u00fcd\u00fcrleri, firma yetkilileri ve vatanda\u015flar da yer ald\u0131.<\/p>\n<p>YOL T\u0130CARET\u0130N VE B\u0130RL\u0130\u011e\u0130N TA KEND\u0130S\u0130D\u0130R<\/p>\n<p>T\u00f6rende konu\u015fan Ula\u015ft\u0131rma ve Altyap\u0131 Bakan\u0131 Abdulkadir Uralo\u011flu , \u201cYol medeniyettir. Yol, bereketin, g\u00fcvenin, ticaretin ve birli\u011fin ta kendisidir. Bizler de \u2018Yol medeniyettir\u2019 anlay\u0131\u015f\u0131yla, 2002 y\u0131l\u0131nda Cumhurba\u015fkan\u0131m\u0131z Recep Tayyip Erdo\u011fan\u2019\u0131n liderli\u011finde ba\u015flatt\u0131\u011f\u0131m\u0131z b\u00f6l\u00fcnm\u00fc\u015f yol seferberli\u011fiyle \u00e7ok \u00f6nemli mesafeler kat ettik. B\u00f6l\u00fcnm\u00fc\u015f yol a\u011f\u0131m\u0131z 24 y\u0131l \u00f6nce 6 bin 101 kilometre uzunlu\u011funda ve sadece 6 ilimizi birbirine ba\u011fl\u0131yordu. Bug\u00fcn ise b\u00f6l\u00fcnm\u00fc\u015f yol a\u011f\u0131m\u0131z 30 bin kilometre gibi \u00f6nemli bir e\u015fi\u011fi de geride b\u0131rakarak toplam 30 bin 51 km\u2019ye y\u00fckselttik ve 77 ilimizi b\u00f6l\u00fcnm\u00fc\u015f yollarla&#8230;<\/p>\n","protected":false},"excerpt":{"rendered":"<p>Ula\u015ft\u0131rma ve Altyap\u0131 Bakan\u0131 Abdulkadir Uralo\u011flu, \u201cYol medeniyettir. Yol, bereketin, g\u00fcvenin, ticaretin ve birli\u011fin ta kendisidir\u201d dedi.<\/p>\n","protected":false},"author":2,"featured_media":31016,"comment_status":"open","ping_status":"open","sticky":false,"template":"","format":"standard","meta":{"footnotes":""},"categories":[6,5],"tags":[],"class_list":["post-31017","post","type-post","status-publish","format-standard","has-post-thumbnail","hentry","category-gundem","category-son-dakika"],"_links":{"self":[{"href":"https:\/\/eskigazeteci.com\/index.php?rest_route=\/wp\/v2\/posts\/31017","targetHints":{"allow":["GET"]}}],"collection":[{"href":"https:\/\/eskigazeteci.com\/index.php?rest_route=\/wp\/v2\/posts"}],"about":[{"href":"https:\/\/eskigazeteci.com\/index.php?rest_route=\/wp\/v2\/types\/post"}],"author":[{"embeddable":true,"href":"https:\/\/eskigazeteci.com\/index.php?rest_route=\/wp\/v2\/users\/2"}],"replies":[{"embeddable":true,"href":"https:\/\/eskigazeteci.com\/index.php?rest_route=%2Fwp%2Fv2%2Fcomments&post=31017"}],"version-history":[{"count":0,"href":"https:\/\/eskigazeteci.com\/index.php?rest_route=\/wp\/v2\/posts\/31017\/revisions"}],"wp:featuredmedia":[{"embeddable":true,"href":"https:\/\/eskigazeteci.com\/index.php?rest_route=\/wp\/v2\/media\/31016"}],"wp:attachment":[{"href":"https:\/\/eskigazeteci.com\/index.php?rest_route=%2Fwp%2Fv2%2Fmedia&parent=31017"}],"wp:term":[{"taxonomy":"category","embeddable":true,"href":"https:\/\/eskigazeteci.com\/index.php?rest_route=%2Fwp%2Fv2%2Fcategories&post=31017"},{"taxonomy":"post_tag","embeddable":true,"href":"https:\/\/eskigazeteci.com\/index.php?rest_route=%2Fwp%2Fv2%2Ftags&post=31017"}],"curies":[{"name":"wp","href":"https:\/\/api.w.org\/{rel}","templated":true}]}}