{"id":31013,"date":"2026-04-30T16:04:58","date_gmt":"2026-04-30T16:04:58","guid":{"rendered":"https:\/\/eskigazeteci.com\/?p=31013"},"modified":"2026-04-30T16:04:58","modified_gmt":"2026-04-30T16:04:58","slug":"ak-parti-genel-baskani-ve-parti-sozcusu-omer-celik","status":"publish","type":"post","link":"https:\/\/eskigazeteci.com\/?p=31013","title":{"rendered":"AK Parti Genel Ba\u015fkan\u0131 ve Parti S\u00f6zc\u00fcs\u00fc \u00d6mer \u00c7elik"},"content":{"rendered":"<p>AK Parti lideri ve parlamento ba\u015fkan\u0131, Katar&#x27;\u0131n Ankara B\u00fcy\u00fckel\u00e7isi ile&#8230;<\/p>\n","protected":false},"excerpt":{"rendered":"<p>Al Katar B\u00fcy\u00fckel\u00e7isi Faisal Abdulla Al-Henzap ve Ba\u015fkatip Sheikh Abdulmuhsin Abdulla Al-Thani ile&#8230;<\/p>\n","protected":false},"author":2,"featured_media":31012,"comment_status":"open","ping_status":"open","sticky":false,"template":"","format":"standard","meta":{"footnotes":""},"categories":[6,5],"tags":[],"class_list":["post-31013","post","type-post","status-publish","format-standard","has-post-thumbnail","hentry","category-gundem","category-son-dakika"],"_links":{"self":[{"href":"https:\/\/eskigazeteci.com\/index.php?rest_route=\/wp\/v2\/posts\/31013","targetHints":{"allow":["GET"]}}],"collection":[{"href":"https:\/\/eskigazeteci.com\/index.php?rest_route=\/wp\/v2\/posts"}],"about":[{"href":"https:\/\/eskigazeteci.com\/index.php?rest_route=\/wp\/v2\/types\/post"}],"author":[{"embeddable":true,"href":"https:\/\/eskigazeteci.com\/index.php?rest_route=\/wp\/v2\/users\/2"}],"replies":[{"embeddable":true,"href":"https:\/\/eskigazeteci.com\/index.php?rest_route=%2Fwp%2Fv2%2Fcomments&post=31013"}],"version-history":[{"count":0,"href":"https:\/\/eskigazeteci.com\/index.php?rest_route=\/wp\/v2\/posts\/31013\/revisions"}],"wp:featuredmedia":[{"embeddable":true,"href":"https:\/\/eskigazeteci.com\/index.php?rest_route=\/wp\/v2\/media\/31012"}],"wp:attachment":[{"href":"https:\/\/eskigazeteci.com\/index.php?rest_route=%2Fwp%2Fv2%2Fmedia&parent=31013"}],"wp:term":[{"taxonomy":"category","embeddable":true,"href":"https:\/\/eskigazeteci.com\/index.php?rest_route=%2Fwp%2Fv2%2Fcategories&post=31013"},{"taxonomy":"post_tag","embeddable":true,"href":"https:\/\/eskigazeteci.com\/index.php?rest_route=%2Fwp%2Fv2%2Ftags&post=31013"}],"curies":[{"name":"wp","href":"https:\/\/api.w.org\/{rel}","templated":true}]}}