{"id":31009,"date":"2026-04-30T15:55:14","date_gmt":"2026-04-30T15:55:14","guid":{"rendered":"https:\/\/eskigazeteci.com\/?p=31009"},"modified":"2026-04-30T15:55:14","modified_gmt":"2026-04-30T15:55:14","slug":"okullarin-2-donem-kapanis-tarihi-ve-meb-yaz-tatili-baslangic-takvimi-2026","status":"publish","type":"post","link":"https:\/\/eskigazeteci.com\/?p=31009","title":{"rendered":"OKULLARIN 2. D\u00d6NEM KAPANI\u015e TAR\u0130H\u0130 VE MEB YAZ TAT\u0130L\u0130 BA\u015eLANGI\u00c7 TAKV\u0130M\u0130 2026"},"content":{"rendered":"<p>Okullarda yaz tatili ne zaman? Okullar ne zaman kapanacak, ka\u00e7 g\u00fcn kald\u0131? sorular\u0131 son g\u00fcnlerin \u00f6ne \u00e7\u0131kan ba\u015fl\u0131klar\u0131 aras\u0131nda yer al\u0131yor. 2025 2026 MEB \u00e7al\u0131\u015fma takviminin art\u0131k son haftalar\u0131na girildi. Ara tatil yar\u0131y\u0131l tatili Ramazan Bayram\u0131 tatili sonras\u0131 \u00f6\u011frenciler de yaz tatili ba\u015flama tarihini beklemeye ba\u015flad\u0131lar. Bakanl\u0131\u011f\u0131n belirledi\u011fi takvim uyar\u0131nca karnelerin verilece\u011fi ve yakla\u015f\u0131k \u00fc\u00e7 ay s\u00fcrecek olan yaz tatilinin ba\u015flayaca\u011f\u0131 o b\u00fcy\u00fck g\u00fcn i\u00e7in geri say\u0131m ba\u015flad\u0131. \u00d6zellikle Kurban Bayram\u0131&#x27;n\u0131n May\u0131s&#x27;\u0131n sonuna denk gelmesi dolay\u0131s\u0131 ile karneler ne zaman verilecek? Okullar ay\u0131n ka\u00e7\u0131nda kapan\u0131yor? \u015fehir d\u0131\u015f\u0131na \u00e7\u0131kma plan\u0131 yapan vatanda\u015flar\u0131n g\u00fcndemine geldi. 8 Eyl\u00fcl 2025 tarihinde ba\u015flayan yo\u011fun e\u011fitim maratonu, 2026 y\u0131l\u0131n\u0131n Haziran ay\u0131nda sona erecek. Peki, yaz tatili ne zaman, karneler ay\u0131n ka\u00e7\u0131nda, okullar\u0131n kapanmas\u0131na ka\u00e7 g\u00fcn kald\u0131? \u0130\u015fte, 2026 okullar\u0131n kapan\u0131\u015f tarihi ve karne g\u00fcn\u00fc takvimi&#8230;<\/p>\n<p>Milli E\u011fitim Bakanl\u0131\u011f\u0131 (MEB) taraf\u0131ndan payla\u015f\u0131lan g\u00fcncel takvime g\u00f6re, 2025-2026 e\u011fitim \u00f6\u011fretim y\u0131l\u0131 26 Haziran 2026 Cuma g\u00fcn\u00fc resmen sona erecek. \u0130kinci d\u00f6nemin son ders zilinin \u00e7almas\u0131yla birlikte \u00f6\u011frenciler karnelerine kavu\u015facak ve yaz tatili s\u00fcreci ba\u015flayacak.<\/p>\n<p>Milli E\u011fitim&#8230;<\/p>\n","protected":false},"excerpt":{"rendered":"<p>Okullar\u0131n kapan\u0131\u015f tarihi ve yaz tatili ba\u015flang\u0131\u00e7 takvimi 2026 MEB \u00e7al\u0131\u015fma takvimi ile belli oldu. May\u0131s ay\u0131n\u0131n gelmesiyle birlikte, karnelerini almak i\u00e7in&#8230;<\/p>\n","protected":false},"author":2,"featured_media":31008,"comment_status":"open","ping_status":"open","sticky":false,"template":"","format":"standard","meta":{"footnotes":""},"categories":[6,5],"tags":[],"class_list":["post-31009","post","type-post","status-publish","format-standard","has-post-thumbnail","hentry","category-gundem","category-son-dakika"],"_links":{"self":[{"href":"https:\/\/eskigazeteci.com\/index.php?rest_route=\/wp\/v2\/posts\/31009","targetHints":{"allow":["GET"]}}],"collection":[{"href":"https:\/\/eskigazeteci.com\/index.php?rest_route=\/wp\/v2\/posts"}],"about":[{"href":"https:\/\/eskigazeteci.com\/index.php?rest_route=\/wp\/v2\/types\/post"}],"author":[{"embeddable":true,"href":"https:\/\/eskigazeteci.com\/index.php?rest_route=\/wp\/v2\/users\/2"}],"replies":[{"embeddable":true,"href":"https:\/\/eskigazeteci.com\/index.php?rest_route=%2Fwp%2Fv2%2Fcomments&post=31009"}],"version-history":[{"count":0,"href":"https:\/\/eskigazeteci.com\/index.php?rest_route=\/wp\/v2\/posts\/31009\/revisions"}],"wp:featuredmedia":[{"embeddable":true,"href":"https:\/\/eskigazeteci.com\/index.php?rest_route=\/wp\/v2\/media\/31008"}],"wp:attachment":[{"href":"https:\/\/eskigazeteci.com\/index.php?rest_route=%2Fwp%2Fv2%2Fmedia&parent=31009"}],"wp:term":[{"taxonomy":"category","embeddable":true,"href":"https:\/\/eskigazeteci.com\/index.php?rest_route=%2Fwp%2Fv2%2Fcategories&post=31009"},{"taxonomy":"post_tag","embeddable":true,"href":"https:\/\/eskigazeteci.com\/index.php?rest_route=%2Fwp%2Fv2%2Ftags&post=31009"}],"curies":[{"name":"wp","href":"https:\/\/api.w.org\/{rel}","templated":true}]}}