{"id":31007,"date":"2026-04-30T15:45:10","date_gmt":"2026-04-30T15:45:10","guid":{"rendered":"https:\/\/eskigazeteci.com\/?p=31007"},"modified":"2026-04-30T15:45:10","modified_gmt":"2026-04-30T15:45:10","slug":"gule-oynaya-ameliyata-girmisti-burun-estetigi-sonrasi-hayatini-kaybetti","status":"publish","type":"post","link":"https:\/\/eskigazeteci.com\/?p=31007","title":{"rendered":"G\u00fcle oynaya ameliyata girmi\u015fti! Burun esteti\u011fi sonras\u0131 hayat\u0131n\u0131 kaybetti"},"content":{"rendered":"<p>\u0130zmir&#x27;de ya\u015fayan Hatice \u00d6nc\u00fc, ge\u00e7en 22 Nisan&#x27;da \u00c7i\u011fli il\u00e7esindeki \u00f6zel bir hastaneye burun esteti\u011fi ameliyat\u0131 olmak i\u00e7in ba\u015fvurdu. Ameliyat s\u0131ras\u0131nda fenala\u015ft\u0131\u011f\u0131 iddia edilen \u00d6nc\u00fc, hastanenin yo\u011fun bak\u0131m servisinde tedaviye al\u0131nd\u0131. Durumunun k\u00f6t\u00fcye gitmesi \u00fczerine ertesi g\u00fcn \u0130zmir \u015eehir Hastanesi&#x27;ne sevk edilen \u00d6nc\u00fc, burada doktorlar\u0131n m\u00fcdahalelerine ra\u011fmen kurtar\u0131lamad\u0131. \u00d6nc\u00fc&#x27;n\u00fcn cenazesi, kesin \u00f6l\u00fcm nedeninin tespiti i\u00e7in otopsi yap\u0131lmak \u00fczere \u0130zmir Adli T\u0131p Kurumu morguna kald\u0131r\u0131ld\u0131. Ailesi k\u0131zlar\u0131n\u0131n vefat\u0131n\u0131n ard\u0131ndan ameliyat\u0131n yap\u0131ld\u0131\u011f\u0131 hastane ve doktorlar hakk\u0131nda savc\u0131l\u0131\u011fa su\u00e7 duyurusunda bulundu. \u0130zmir \u0130l Sa\u011fl\u0131k M\u00fcd\u00fcrl\u00fc\u011f\u00fc olayla ilgili inceleme ba\u015flatt\u0131.<\/p>\n<p>K\u0131z\u0131n\u0131 kaybetmenin ac\u0131s\u0131n\u0131 ya\u015fayan Remziye Kanak, &quot;\u015eoktay\u0131m, \u00f6lece\u011fi hi\u00e7 akl\u0131m\u0131z\u0131n ucuna gelmezdi. K\u0131z\u0131m burun esteti\u011fi olmak istedi\u011fini s\u00f6yledi. Kredi \u00e7ekti. K\u00fc\u00e7\u00fck k\u0131z\u0131m da o hastanede ameliyat oldu, g\u00fcvendik. &#x27;Ba\u015fka doktorda yapma, karde\u015finin doktorunda yapt\u0131r&#x27; dedim istemedi&quot; dedi.<\/p>\n<p>&#x27;KIZIMI \u00d6LD\u00dcRD\u00dcLER, SAPASA\u011eLAMDI&#x27;<\/p>\n<p>Olay\u0131 anlatan anne Kanak, &quot;Saat 14.00 civar\u0131nda ameliyata girdi, 1.5 saat sonra doktor gelip burun ameliyat\u0131n\u0131n g\u00fczel ge\u00e7ti\u011fini s\u00f6yledi. Burnunu g\u00f6sterdi, &#x27;Birazdan ay\u0131l\u0131r getiririz&#x27; dedi. Ay\u0131lmad\u0131,&#8230;<\/p>\n","protected":false},"excerpt":{"rendered":"<p>\u0130zmir&#8217;de burun esteti\u011fi ameliyat\u0131 s\u0131ras\u0131nda fenala\u015f\u0131nca yo\u011fun bak\u0131ma al\u0131nan ve daha sonra \u0130zmir \u015eehir Hastanesi\u2019ne sevk edilen Hatice \u00d6nc\u00fc (23), yap\u0131lan&#8230;<\/p>\n","protected":false},"author":2,"featured_media":31006,"comment_status":"open","ping_status":"open","sticky":false,"template":"","format":"standard","meta":{"footnotes":""},"categories":[6,5],"tags":[],"class_list":["post-31007","post","type-post","status-publish","format-standard","has-post-thumbnail","hentry","category-gundem","category-son-dakika"],"_links":{"self":[{"href":"https:\/\/eskigazeteci.com\/index.php?rest_route=\/wp\/v2\/posts\/31007","targetHints":{"allow":["GET"]}}],"collection":[{"href":"https:\/\/eskigazeteci.com\/index.php?rest_route=\/wp\/v2\/posts"}],"about":[{"href":"https:\/\/eskigazeteci.com\/index.php?rest_route=\/wp\/v2\/types\/post"}],"author":[{"embeddable":true,"href":"https:\/\/eskigazeteci.com\/index.php?rest_route=\/wp\/v2\/users\/2"}],"replies":[{"embeddable":true,"href":"https:\/\/eskigazeteci.com\/index.php?rest_route=%2Fwp%2Fv2%2Fcomments&post=31007"}],"version-history":[{"count":0,"href":"https:\/\/eskigazeteci.com\/index.php?rest_route=\/wp\/v2\/posts\/31007\/revisions"}],"wp:featuredmedia":[{"embeddable":true,"href":"https:\/\/eskigazeteci.com\/index.php?rest_route=\/wp\/v2\/media\/31006"}],"wp:attachment":[{"href":"https:\/\/eskigazeteci.com\/index.php?rest_route=%2Fwp%2Fv2%2Fmedia&parent=31007"}],"wp:term":[{"taxonomy":"category","embeddable":true,"href":"https:\/\/eskigazeteci.com\/index.php?rest_route=%2Fwp%2Fv2%2Fcategories&post=31007"},{"taxonomy":"post_tag","embeddable":true,"href":"https:\/\/eskigazeteci.com\/index.php?rest_route=%2Fwp%2Fv2%2Ftags&post=31007"}],"curies":[{"name":"wp","href":"https:\/\/api.w.org\/{rel}","templated":true}]}}