{"id":31003,"date":"2026-04-30T15:25:17","date_gmt":"2026-04-30T15:25:17","guid":{"rendered":"https:\/\/eskigazeteci.com\/?p=31003"},"modified":"2026-04-30T15:25:17","modified_gmt":"2026-04-30T15:25:17","slug":"pfdkdan-fenerbahce-kalecisi-edersona-3-mac-ceza-derbide-kirmizi-gormustu","status":"publish","type":"post","link":"https:\/\/eskigazeteci.com\/?p=31003","title":{"rendered":"PFDK&#8217;dan Fenerbah\u00e7e kalecisi Ederson&#8217;a 3 ma\u00e7 ceza! Derbide k\u0131rm\u0131z\u0131 g\u00f6rm\u00fc\u015ft\u00fc"},"content":{"rendered":"<p>Fenerbah\u00e7e &#x27;de Galatasaray &#x27;a kar\u015f\u0131 oynanan derbide k\u0131rm\u0131z\u0131 kart g\u00f6ren Ederson&#x27;un cezas\u0131 belli oldu.<\/p>\n<p>3 MA\u00c7 CEZA<\/p>\n<p>PFDK, Brezilyal\u0131 kaleci Ederson &#x27;a 3 ma\u00e7 ceza ve 480 bin TL para cezas\u0131 verildi\u011fini a\u00e7\u0131klad\u0131.<\/p>\n<p>T\u00fcrkiye&#x27;den ve D\u00fcnya\u2019dan son dakika haberleri, k\u00f6\u015fe yaz\u0131lar\u0131, magazinden siyasete, spordan seyahate b\u00fct\u00fcn konular\u0131n tek adresi Hurriyet.com.tr haber i\u00e7erikleri izin al\u0131nmadan, kaynak g\u00f6sterilerek dahi iktibas edilemez. Kanuna ayk\u0131r\u0131 ve izinsiz olarak kopyalanamaz, ba\u015fka yerde yay\u0131nlanamaz.<\/p>\n","protected":false},"excerpt":{"rendered":"<p>PFDK, Galatasaray derbisinde k\u0131rm\u0131z\u0131 kart g\u00f6ren Fenerbah\u00e7e kalecisi Ederson&#8217;a verilen cezay\u0131 a\u00e7\u0131klad\u0131.<\/p>\n","protected":false},"author":2,"featured_media":31002,"comment_status":"open","ping_status":"open","sticky":false,"template":"","format":"standard","meta":{"footnotes":""},"categories":[5,7],"tags":[],"class_list":["post-31003","post","type-post","status-publish","format-standard","has-post-thumbnail","hentry","category-son-dakika","category-spor"],"_links":{"self":[{"href":"https:\/\/eskigazeteci.com\/index.php?rest_route=\/wp\/v2\/posts\/31003","targetHints":{"allow":["GET"]}}],"collection":[{"href":"https:\/\/eskigazeteci.com\/index.php?rest_route=\/wp\/v2\/posts"}],"about":[{"href":"https:\/\/eskigazeteci.com\/index.php?rest_route=\/wp\/v2\/types\/post"}],"author":[{"embeddable":true,"href":"https:\/\/eskigazeteci.com\/index.php?rest_route=\/wp\/v2\/users\/2"}],"replies":[{"embeddable":true,"href":"https:\/\/eskigazeteci.com\/index.php?rest_route=%2Fwp%2Fv2%2Fcomments&post=31003"}],"version-history":[{"count":0,"href":"https:\/\/eskigazeteci.com\/index.php?rest_route=\/wp\/v2\/posts\/31003\/revisions"}],"wp:featuredmedia":[{"embeddable":true,"href":"https:\/\/eskigazeteci.com\/index.php?rest_route=\/wp\/v2\/media\/31002"}],"wp:attachment":[{"href":"https:\/\/eskigazeteci.com\/index.php?rest_route=%2Fwp%2Fv2%2Fmedia&parent=31003"}],"wp:term":[{"taxonomy":"category","embeddable":true,"href":"https:\/\/eskigazeteci.com\/index.php?rest_route=%2Fwp%2Fv2%2Fcategories&post=31003"},{"taxonomy":"post_tag","embeddable":true,"href":"https:\/\/eskigazeteci.com\/index.php?rest_route=%2Fwp%2Fv2%2Ftags&post=31003"}],"curies":[{"name":"wp","href":"https:\/\/api.w.org\/{rel}","templated":true}]}}