{"id":31001,"date":"2026-04-30T15:15:11","date_gmt":"2026-04-30T15:15:11","guid":{"rendered":"https:\/\/eskigazeteci.com\/?p=31001"},"modified":"2026-04-30T15:15:11","modified_gmt":"2026-04-30T15:15:11","slug":"son-dakika-cumhurbaskani-erdogandan-onemli-aciklamalar-10","status":"publish","type":"post","link":"https:\/\/eskigazeteci.com\/?p=31001","title":{"rendered":"Son dakika&#8230; Cumhurba\u015fkan\u0131 Erdo\u011fan&#8217;dan \u00f6nemli a\u00e7\u0131klamalar"},"content":{"rendered":"<p>\u0130\u015fte Cumhurba\u015fkan\u0131 Erdo\u011fan &#x27;\u0131n a\u00e7\u0131klamalar\u0131ndan \u00f6ne \u00e7\u0131kan sat\u0131r ba\u015flar\u0131:<\/p>\n<p>1 May\u0131s Emek ve Dayan\u0131\u015fma m\u00fcnasebetiyle sizleri burada a\u011f\u0131rlamaktan memnuniyet duyuyorum. Sizlerin \u015fahs\u0131nda t\u00fcm i\u015f\u00e7i karde\u015flerimizin 1 May\u0131s Emek ve Dayan\u0131\u015fma g\u00fcn\u00fcn \u015fimdiden tebrik ediyorum. Hayata i\u015f\u00e7i olarak ba\u015flam\u0131\u015f bir karde\u015finizim. 1 May\u0131s&#x27;\u0131 \u00f6zellikle kendi bayram\u0131m olarak g\u00f6rd\u00fc\u011f\u00fcm\u00fc ifade etmek istiyorum. Gerek \u015fahs\u0131m\u0131n gerekse h\u00fck\u00fcmetimizin eme\u011fe kar\u015f\u0131 verdi\u011fimiz \u00f6nemi en iyi sizler biliyorsunuz. Daima i\u015f\u00e7i karde\u015flerimizi ve onlar\u0131n temsilcilerinin yan\u0131nda olduk.<\/p>\n<p>T\u00fcrkiye g\u00fcndeminden son dakika haberleri, bug\u00fcn ya\u015fanan en son geli\u015fmeler, siyaset g\u00fcndeminden g\u00fcncel haberler ve b\u00fct\u00fcn son dakika haberleri i\u00e7in H\u00fcrriyet&#x27;in internet haber sitesi hurriyet.com.tr; Hurriyet.com.tr haber i\u00e7erikleri kaynak g\u00f6sterilmeden al\u0131nt\u0131 yap\u0131lamaz, Kanuna ayk\u0131r\u0131 ve izinsiz olarak kopyalanamaz, ba\u015fka yerde yay\u0131nlanamaz.<\/p>\n","protected":false},"excerpt":{"rendered":"<p>Cumhurba\u015fkan\u0131 Recep Tayyip Erdo\u011fan, 1 May\u0131s Emek ve Dayan\u0131\u015fma G\u00fcn\u00fc dolay\u0131s\u0131yla Sendika temsilcileri ve i\u015f\u00e7ilerle Cumhurba\u015fkan\u0131 K\u00fclliyesi&#8217;nde biraraya geldi.<\/p>\n","protected":false},"author":2,"featured_media":31000,"comment_status":"open","ping_status":"open","sticky":false,"template":"","format":"standard","meta":{"footnotes":""},"categories":[6,5],"tags":[],"class_list":["post-31001","post","type-post","status-publish","format-standard","has-post-thumbnail","hentry","category-gundem","category-son-dakika"],"_links":{"self":[{"href":"https:\/\/eskigazeteci.com\/index.php?rest_route=\/wp\/v2\/posts\/31001","targetHints":{"allow":["GET"]}}],"collection":[{"href":"https:\/\/eskigazeteci.com\/index.php?rest_route=\/wp\/v2\/posts"}],"about":[{"href":"https:\/\/eskigazeteci.com\/index.php?rest_route=\/wp\/v2\/types\/post"}],"author":[{"embeddable":true,"href":"https:\/\/eskigazeteci.com\/index.php?rest_route=\/wp\/v2\/users\/2"}],"replies":[{"embeddable":true,"href":"https:\/\/eskigazeteci.com\/index.php?rest_route=%2Fwp%2Fv2%2Fcomments&post=31001"}],"version-history":[{"count":0,"href":"https:\/\/eskigazeteci.com\/index.php?rest_route=\/wp\/v2\/posts\/31001\/revisions"}],"wp:featuredmedia":[{"embeddable":true,"href":"https:\/\/eskigazeteci.com\/index.php?rest_route=\/wp\/v2\/media\/31000"}],"wp:attachment":[{"href":"https:\/\/eskigazeteci.com\/index.php?rest_route=%2Fwp%2Fv2%2Fmedia&parent=31001"}],"wp:term":[{"taxonomy":"category","embeddable":true,"href":"https:\/\/eskigazeteci.com\/index.php?rest_route=%2Fwp%2Fv2%2Fcategories&post=31001"},{"taxonomy":"post_tag","embeddable":true,"href":"https:\/\/eskigazeteci.com\/index.php?rest_route=%2Fwp%2Fv2%2Ftags&post=31001"}],"curies":[{"name":"wp","href":"https:\/\/api.w.org\/{rel}","templated":true}]}}