{"id":310,"date":"2026-02-09T11:23:32","date_gmt":"2026-02-09T11:23:32","guid":{"rendered":"https:\/\/eskigazeteci.com\/?p=310"},"modified":"2026-02-09T11:23:32","modified_gmt":"2026-02-09T11:23:32","slug":"haber-130","status":"publish","type":"post","link":"https:\/\/eskigazeteci.com\/?p=310","title":{"rendered":"Haber"},"content":{"rendered":"<p>\u0130stanbul Cumhuriyet Ba\u015fsavc\u0131l\u0131\u011f\u0131&#x27;ndan yap\u0131lan a\u00e7\u0131klama \u015f\u00f6yle;<\/p>\n<p>&quot;Cumhuriyet Ba\u015fsavc\u0131l\u0131\u011f\u0131m\u0131z taraf\u0131ndan,<\/p>\n<p>Spor yorumcusu ve eski futbol hakemi Erman TORO\u011eLU hakk\u0131nda, 08.02.2026 tarihinde ulusal bir televizyon kanal\u0131nda kat\u0131ld\u0131\u011f\u0131 programda yapt\u0131\u011f\u0131 ve T\u00fcrk futbolunu ilgilendiren a\u00e7\u0131klamalar\u0131ndan dolay\u0131 TCK 217\/A maddesi do\u011frultusunda &quot;Halk\u0131 Yan\u0131lt\u0131c\u0131 Bilgiyi Alenen Yayma&quot; iddias\u0131 bak\u0131m\u0131ndan re&#x27;sen soru\u015fturma i\u015flemine ba\u015flan\u0131lm\u0131\u015ft\u0131r.<\/p>\n<p>Ad\u0131 ge\u00e7en ki\u015finin \u015f\u00fcpheli olarak al\u0131nan ifadesinde \u00f6zetle kat\u0131ld\u0131\u011f\u0131 programda iddia etti\u011fi hususlar hakk\u0131nda do\u011frudan bilgi sahibi olmad\u0131\u011f\u0131n\u0131, duyuma dayal\u0131 bilgiler edindi\u011fini ve bu iddialar\u0131n ger\u00e7ek olup olmad\u0131\u011f\u0131n\u0131 bilmedi\u011fini beyan etti\u011fi tespit edilmi\u015f olup, \u015f\u00fcpheli Erman Toro\u011flu ifade i\u015flemleri tamamlanmas\u0131ndan sonra adli kontrol talebi ile n\u00f6bet\u00e7i Sulh Ceza Hakimli\u011fi&#x27;ne sevk edilmi\u015ftir. Kamuoyuna sayg\u0131yla duyurulur. \u0130stanbul Cumhuriyet Ba\u015fsavc\u0131l\u0131\u011f\u0131&quot;<\/p>\n<p>T\u00fcrkiye&#x27;den ve D\u00fcnya\u2019dan son dakika haberleri, k\u00f6\u015fe yaz\u0131lar\u0131, magazinden siyasete, spordan seyahate b\u00fct\u00fcn konular\u0131n tek adresi Hurriyet.com.tr haber i\u00e7erikleri izin al\u0131nmadan, kaynak g\u00f6sterilerek dahi iktibas edilemez. Kanuna ayk\u0131r\u0131 ve izinsiz olarak kopyalanamaz, ba\u015fka yerde yay\u0131nlanamaz.<\/p>\n","protected":false},"excerpt":{"rendered":"<p>\u0130stanbul Cumhuriyet Ba\u015fsavc\u0131l\u0131\u011f\u0131, Erman Toro\u011flu hakk\u0131nda &#8216;halk\u0131 yan\u0131lt\u0131c\u0131 bilgiyi alenen yayma&#8217; su\u00e7lamas\u0131yla soru\u015fturma ba\u015flat\u0131ld\u0131\u011f\u0131n\u0131 ve ifade i\u015flemleri&#8230;<\/p>\n","protected":false},"author":2,"featured_media":309,"comment_status":"open","ping_status":"open","sticky":false,"template":"","format":"standard","meta":{"footnotes":""},"categories":[8,3],"tags":[],"class_list":["post-310","post","type-post","status-publish","format-standard","has-post-thumbnail","hentry","category-arsiv","category-siyaset"],"_links":{"self":[{"href":"https:\/\/eskigazeteci.com\/index.php?rest_route=\/wp\/v2\/posts\/310","targetHints":{"allow":["GET"]}}],"collection":[{"href":"https:\/\/eskigazeteci.com\/index.php?rest_route=\/wp\/v2\/posts"}],"about":[{"href":"https:\/\/eskigazeteci.com\/index.php?rest_route=\/wp\/v2\/types\/post"}],"author":[{"embeddable":true,"href":"https:\/\/eskigazeteci.com\/index.php?rest_route=\/wp\/v2\/users\/2"}],"replies":[{"embeddable":true,"href":"https:\/\/eskigazeteci.com\/index.php?rest_route=%2Fwp%2Fv2%2Fcomments&post=310"}],"version-history":[{"count":0,"href":"https:\/\/eskigazeteci.com\/index.php?rest_route=\/wp\/v2\/posts\/310\/revisions"}],"wp:featuredmedia":[{"embeddable":true,"href":"https:\/\/eskigazeteci.com\/index.php?rest_route=\/wp\/v2\/media\/309"}],"wp:attachment":[{"href":"https:\/\/eskigazeteci.com\/index.php?rest_route=%2Fwp%2Fv2%2Fmedia&parent=310"}],"wp:term":[{"taxonomy":"category","embeddable":true,"href":"https:\/\/eskigazeteci.com\/index.php?rest_route=%2Fwp%2Fv2%2Fcategories&post=310"},{"taxonomy":"post_tag","embeddable":true,"href":"https:\/\/eskigazeteci.com\/index.php?rest_route=%2Fwp%2Fv2%2Ftags&post=310"}],"curies":[{"name":"wp","href":"https:\/\/api.w.org\/{rel}","templated":true}]}}