{"id":30999,"date":"2026-04-30T14:56:42","date_gmt":"2026-04-30T14:56:42","guid":{"rendered":"https:\/\/eskigazeteci.com\/?p=30999"},"modified":"2026-04-30T14:56:42","modified_gmt":"2026-04-30T14:56:42","slug":"kiraci-oldugu-ev-icradan-satildi-yurt-disindan-dondugunde-esyalariyla-sokakta-kaldi","status":"publish","type":"post","link":"https:\/\/eskigazeteci.com\/?p=30999","title":{"rendered":"Kirac\u0131 oldu\u011fu ev icradan sat\u0131ld\u0131; yurt d\u0131\u015f\u0131ndan d\u00f6nd\u00fc\u011f\u00fcnde e\u015fyalar\u0131yla sokakta kald\u0131"},"content":{"rendered":"<p>Avc\u0131lar \u2019da M\u0131s\u0131rl\u0131 Omar A.\u2019n\u0131n ev sahibinin iki dairesi bor\u00e7lar\u0131 nedeniyle icra yoluyla sat\u0131ld\u0131. Giri\u015f kattaki dairede kirac\u0131 olan \u00fcniversite \u00f6\u011frencisi Omar A.&#x27;ya evin icradan sat\u0131ld\u0131\u011f\u0131n\u0131 ev sahibi s\u00f6ylemedi. Bu s\u0131rada kiras\u0131n\u0131 \u00f6demeye devam eden ve tatil i\u00e7in \u00fclkesinde olan Omar A. tahliye tebligat\u0131n\u0131 da g\u00f6rmedi. Omar A., \u00fclkesinden d\u00f6nd\u00fc\u011f\u00fcnde ise apartmanda icra memurlar\u0131 ve avukatlarla kar\u015f\u0131la\u015ft\u0131. E\u015fyalar\u0131n\u0131 daireden tahliye etmesi istenen Omar A. &quot;B\u00f6yle bir \u015fey T\u00fcrkiye&#x27;de de d\u00fcnyada da yok. Ben nereye gideyim \u015fimdi&quot; diyerek g\u00f6revlilere tepki g\u00f6sterdi. Avukatlarla da bir s\u00fcre tart\u0131\u015fan Omar A.&#x27;n\u0131n e\u015fyalar\u0131 soka\u011fa \u00e7\u0131kar\u0131ld\u0131. Ev sahibi Cengiz Ayd\u0131n ise evleri alan ki\u015fi taraf\u0131ndan kand\u0131r\u0131ld\u0131\u011f\u0131n\u0131 iddia etti.<\/p>\n<p>Olay 27 Nisan Pazartesi g\u00fcn\u00fc Denizk\u00f6\u015fkler Mahallesi\u2019nde bulunan 4 katl\u0131 apartmanda meydana geldi. Ev sahibinin binan\u0131n giri\u015f ve 3&#x27;\u00fcnc\u00fc kat\u0131nda bulunan daireleri bor\u00e7lar\u0131 nedeniyle icradan sat\u0131ld\u0131. Apartman\u0131n giri\u015f kat\u0131ndaki daireyi \u00fcniversite \u00f6\u011frencisi Omar A.&#x27;ya kiralayan ev sahibi durumu kirac\u0131s\u0131na bildirmedi. Sat\u0131\u015f\u0131n kesinle\u015fmesinin ard\u0131ndan binaya gelen icra ekipleri, iki dairenin de kap\u0131s\u0131na mahkeme karar\u0131n\u0131n bulundu\u011fu tahliye tebligat\u0131 ast\u0131.<\/p>\n<p>&#x27;BEN NEREYE G\u0130DEY\u0130M&#8230;<\/p>\n","protected":false},"excerpt":{"rendered":"<p>Avc\u0131lar\u2019da M\u0131s\u0131rl\u0131 Omar A.\u2019n\u0131n ev sahibinin iki dairesi bor\u00e7lar\u0131 nedeniyle icra yoluyla sat\u0131ld\u0131. \u0130\u015flemden haberi olmayan ve eski ev sahibine kira \u00f6demeye&#8230;<\/p>\n","protected":false},"author":2,"featured_media":30998,"comment_status":"open","ping_status":"open","sticky":false,"template":"","format":"standard","meta":{"footnotes":""},"categories":[6,5],"tags":[],"class_list":["post-30999","post","type-post","status-publish","format-standard","has-post-thumbnail","hentry","category-gundem","category-son-dakika"],"_links":{"self":[{"href":"https:\/\/eskigazeteci.com\/index.php?rest_route=\/wp\/v2\/posts\/30999","targetHints":{"allow":["GET"]}}],"collection":[{"href":"https:\/\/eskigazeteci.com\/index.php?rest_route=\/wp\/v2\/posts"}],"about":[{"href":"https:\/\/eskigazeteci.com\/index.php?rest_route=\/wp\/v2\/types\/post"}],"author":[{"embeddable":true,"href":"https:\/\/eskigazeteci.com\/index.php?rest_route=\/wp\/v2\/users\/2"}],"replies":[{"embeddable":true,"href":"https:\/\/eskigazeteci.com\/index.php?rest_route=%2Fwp%2Fv2%2Fcomments&post=30999"}],"version-history":[{"count":0,"href":"https:\/\/eskigazeteci.com\/index.php?rest_route=\/wp\/v2\/posts\/30999\/revisions"}],"wp:featuredmedia":[{"embeddable":true,"href":"https:\/\/eskigazeteci.com\/index.php?rest_route=\/wp\/v2\/media\/30998"}],"wp:attachment":[{"href":"https:\/\/eskigazeteci.com\/index.php?rest_route=%2Fwp%2Fv2%2Fmedia&parent=30999"}],"wp:term":[{"taxonomy":"category","embeddable":true,"href":"https:\/\/eskigazeteci.com\/index.php?rest_route=%2Fwp%2Fv2%2Fcategories&post=30999"},{"taxonomy":"post_tag","embeddable":true,"href":"https:\/\/eskigazeteci.com\/index.php?rest_route=%2Fwp%2Fv2%2Ftags&post=30999"}],"curies":[{"name":"wp","href":"https:\/\/api.w.org\/{rel}","templated":true}]}}