{"id":30997,"date":"2026-04-30T14:55:07","date_gmt":"2026-04-30T14:55:07","guid":{"rendered":"https:\/\/eskigazeteci.com\/?p=30997"},"modified":"2026-04-30T14:55:07","modified_gmt":"2026-04-30T14:55:07","slug":"fransada-korku-dolu-anlar-yolculariyla-nehre-uctu","status":"publish","type":"post","link":"https:\/\/eskigazeteci.com\/?p=30997","title":{"rendered":"Fransa&#8217;da korku dolu anlar! Yolcular\u0131yla nehre u\u00e7tu"},"content":{"rendered":"<p>Fransa \u2019n\u0131n Essonne b\u00f6lgesine ba\u011fl\u0131 Juvisy-sur-Orge kentinde i\u00e7inde yolcular\u0131n bulundu\u011fu bir otob\u00fcs Seine Nehri \u2019ne d\u00fc\u015ft\u00fc. Olayda otob\u00fcste bulunan herkes kurtar\u0131l\u0131rken, kazan\u0131n stajyer bir s\u00fcr\u00fcc\u00fcn\u00fcn kontrol\u00fcndeki arac\u0131n park halindeki otomobile \u00e7arpmas\u0131n\u0131n ard\u0131ndan meydana geldi\u011fi a\u00e7\u0131kland\u0131.<\/p>\n<p>K\u00d6PR\u00dc YAKININDA KONTROLDEN \u00c7IKTI<\/p>\n<p>Savc\u0131lar, otob\u00fcs\u00fcn ba\u015fkent Paris\u2019in g\u00fcneydo\u011fusundaki Juvisy-sur-Orge kasabas\u0131ndan ge\u00e7erken yoldan \u00e7\u0131karak nehre d\u00fc\u015ft\u00fc\u011f\u00fcn\u00fc bildirdi.<\/p>\n<p>A\u00e7\u0131klamada, \u201cOtob\u00fcste s\u00fcr\u00fcc\u00fc ve \u00fc\u00e7 ki\u015fi daha bulunuyordu\u201d denildi.<\/p>\n<p>Yetkililer, \u201cHepsi kurtar\u0131ld\u0131\u201d diyerek can kayb\u0131 ya\u015fanmad\u0131\u011f\u0131n\u0131 duyurdu. Olayla ilgili soru\u015fturma ba\u015flat\u0131ld\u0131.<\/p>\n<p>STAJYER S\u00dcR\u00dcC\u00dc DETAYI<\/p>\n<p>\u00cele-de-France Mobilit\u00e9s (IDFM) ula\u015f\u0131m otoritesi s\u00f6zc\u00fcs\u00fc, otob\u00fcs\u00fc e\u011fitiminin son a\u015famas\u0131ndaki bir stajyerin kulland\u0131\u011f\u0131n\u0131 a\u00e7\u0131klad\u0131.<\/p>\n<p>S\u00f6zc\u00fc, hem stajyer s\u00fcr\u00fcc\u00fcn\u00fcn hem de onu denetleyen e\u011fitmenin alkol ve uyu\u015fturucu testlerinin negatif \u00e7\u0131kt\u0131\u011f\u0131n\u0131 belirtti.<\/p>\n<p>KURTARMA OPERASYONU SEFERBERL\u0130\u011e\u0130 D\u00d6N\u00dc\u015eT\u00dc<\/p>\n<p>Kazan\u0131n ard\u0131ndan b\u00f6lgeye \u00e7ok say\u0131da ekip sevk edildi. Kurtarma \u00e7al\u0131\u015fmalar\u0131na botlar, drone ve helikopterler kat\u0131ld\u0131.<\/p>\n<p>Valilik, operasyonda 30\u2019dan fazla itfaiyeci, 16 itfaiye arac\u0131 ve \u00e7ok say\u0131da polis ekibinin g\u00f6rev ald\u0131\u011f\u0131n\u0131 duyurdu.<\/p>\n<p>Otob\u00fcs\u00fcn&#8230;<\/p>\n","protected":false},"excerpt":{"rendered":"<p>Fransa\u2019n\u0131n Juvisy-sur-Orge kentinde stajyer s\u00fcr\u00fcc\u00fcn\u00fcn kulland\u0131\u011f\u0131 yolcu otob\u00fcs\u00fc park halindeki araca \u00e7arpt\u0131ktan sonra Seine Nehri\u2019ne d\u00fc\u015ft\u00fc. Otob\u00fcste bulunan&#8230;<\/p>\n","protected":false},"author":2,"featured_media":30996,"comment_status":"open","ping_status":"open","sticky":false,"template":"","format":"standard","meta":{"footnotes":""},"categories":[6,5],"tags":[],"class_list":["post-30997","post","type-post","status-publish","format-standard","has-post-thumbnail","hentry","category-gundem","category-son-dakika"],"_links":{"self":[{"href":"https:\/\/eskigazeteci.com\/index.php?rest_route=\/wp\/v2\/posts\/30997","targetHints":{"allow":["GET"]}}],"collection":[{"href":"https:\/\/eskigazeteci.com\/index.php?rest_route=\/wp\/v2\/posts"}],"about":[{"href":"https:\/\/eskigazeteci.com\/index.php?rest_route=\/wp\/v2\/types\/post"}],"author":[{"embeddable":true,"href":"https:\/\/eskigazeteci.com\/index.php?rest_route=\/wp\/v2\/users\/2"}],"replies":[{"embeddable":true,"href":"https:\/\/eskigazeteci.com\/index.php?rest_route=%2Fwp%2Fv2%2Fcomments&post=30997"}],"version-history":[{"count":0,"href":"https:\/\/eskigazeteci.com\/index.php?rest_route=\/wp\/v2\/posts\/30997\/revisions"}],"wp:featuredmedia":[{"embeddable":true,"href":"https:\/\/eskigazeteci.com\/index.php?rest_route=\/wp\/v2\/media\/30996"}],"wp:attachment":[{"href":"https:\/\/eskigazeteci.com\/index.php?rest_route=%2Fwp%2Fv2%2Fmedia&parent=30997"}],"wp:term":[{"taxonomy":"category","embeddable":true,"href":"https:\/\/eskigazeteci.com\/index.php?rest_route=%2Fwp%2Fv2%2Fcategories&post=30997"},{"taxonomy":"post_tag","embeddable":true,"href":"https:\/\/eskigazeteci.com\/index.php?rest_route=%2Fwp%2Fv2%2Ftags&post=30997"}],"curies":[{"name":"wp","href":"https:\/\/api.w.org\/{rel}","templated":true}]}}