{"id":30995,"date":"2026-04-30T14:48:15","date_gmt":"2026-04-30T14:48:15","guid":{"rendered":"https:\/\/eskigazeteci.com\/?p=30995"},"modified":"2026-04-30T14:48:15","modified_gmt":"2026-04-30T14:48:15","slug":"kubilay-kaan-kundakci-cinayeti-aile-avukatindan-agirlastirilmis-muebbet-talebi","status":"publish","type":"post","link":"https:\/\/eskigazeteci.com\/?p=30995","title":{"rendered":"Kubilay Kaan Kundak\u00e7\u0131 cinayeti&#8230; Aile avukat\u0131ndan a\u011f\u0131rla\u015ft\u0131r\u0131lm\u0131\u015f m\u00fcebbet talebi"},"content":{"rendered":"<p>\u00dcmraniye\u2019de meydana gelen olayla ilgili Anadolu Cumhuriyet Ba\u015fsavc\u0131l\u0131\u011f\u0131 taraf\u0131ndan haz\u0131rlanan iddianamede, \u015f\u00fcpheli hakk\u0131nda m\u00fcebbet hapis cezas\u0131 istendi. \u0130ddianamenin Anadolu 27. A\u011f\u0131r Ceza Mahkemesi\u2019nde de\u011ferlendirme a\u015famas\u0131nda oldu\u011fu \u00f6\u011frenildi. Kundak\u00e7\u0131 ailesi ise avukatlar\u0131 arac\u0131l\u0131\u011f\u0131yla mahkemeye sunduklar\u0131 dilek\u00e7ede, su\u00e7 vasf\u0131n\u0131n hatal\u0131 belirlendi\u011fini savundu. Dilek\u00e7ede, \u015f\u00fcphelinin olay yerine silah\u0131n\u0131 kullanmaya haz\u0131r \u015fekilde geldi\u011fi belirtilerek, eylemin \u00f6nceden planland\u0131\u011f\u0131 ileri s\u00fcr\u00fcld\u00fc. Bu nedenle su\u00e7un &#x27;tasarlayarak kasten \u00f6ld\u00fcrme&#x27; kapsam\u0131nda de\u011ferlendirilmesi gerekti\u011fi ifade edildi.<\/p>\n<p>&#x27;\u0130DD\u0130ANAMEDE HATALI DE\u011eERLEND\u0130RMELER YAPILMI\u015eTIR&#x27;<\/p>\n<p>Aile avukat\u0131n\u0131n dilek\u00e7esinde ayr\u0131ca, olay s\u0131ras\u0131nda ara\u00e7ta bulunan Vahap Canbay ve Yal\u00e7\u0131nay Y\u0131ld\u0131z\u2019\u0131n dosyada tan\u0131k olarak yer almas\u0131n\u0131n da hatal\u0131 oldu\u011fu \u00f6ne s\u00fcr\u00fcld\u00fc. \u015e\u00fcphelinin as\u0131l hedefinin Vahap Canbay oldu\u011fu belirtilen dilek\u00e7ede, ara\u00e7 i\u00e7ine ate\u015f a\u00e7\u0131lmas\u0131 nedeniyle bu ki\u015filerin de ma\u011fdur\/m\u00fc\u015fteki olarak de\u011ferlendirilmesi gerekti\u011fi kaydedildi. Dilek\u00e7ede ayr\u0131ca, \u015f\u00fcphelinin bu ki\u015filere y\u00f6nelik eylemlerinin &#x27;kasten \u00f6ld\u00fcrmeye te\u015febb\u00fcs&#x27; kapsam\u0131nda ele al\u0131nmas\u0131 gerekti\u011fi savunuldu. Kundak\u00e7\u0131 ailesi, mahkemeden iddianamenin iade edilmesini ve&#8230;<\/p>\n","protected":false},"excerpt":{"rendered":"<p>\u00dcmraniye\u2019de 19 Mart&#8217;ta silahl\u0131 sald\u0131r\u0131da hayat\u0131n\u0131 kaybeden futbolcu Kubilay Kaan Kundak\u00e7\u0131\u2019n\u0131n ailesi, cinayet \u015f\u00fcphelisi Alaattin Kaday\u0131f\u00e7\u0131o\u011flu hakk\u0131nda&#8230;<\/p>\n","protected":false},"author":2,"featured_media":30994,"comment_status":"open","ping_status":"open","sticky":false,"template":"","format":"standard","meta":{"footnotes":""},"categories":[6,5],"tags":[],"class_list":["post-30995","post","type-post","status-publish","format-standard","has-post-thumbnail","hentry","category-gundem","category-son-dakika"],"_links":{"self":[{"href":"https:\/\/eskigazeteci.com\/index.php?rest_route=\/wp\/v2\/posts\/30995","targetHints":{"allow":["GET"]}}],"collection":[{"href":"https:\/\/eskigazeteci.com\/index.php?rest_route=\/wp\/v2\/posts"}],"about":[{"href":"https:\/\/eskigazeteci.com\/index.php?rest_route=\/wp\/v2\/types\/post"}],"author":[{"embeddable":true,"href":"https:\/\/eskigazeteci.com\/index.php?rest_route=\/wp\/v2\/users\/2"}],"replies":[{"embeddable":true,"href":"https:\/\/eskigazeteci.com\/index.php?rest_route=%2Fwp%2Fv2%2Fcomments&post=30995"}],"version-history":[{"count":0,"href":"https:\/\/eskigazeteci.com\/index.php?rest_route=\/wp\/v2\/posts\/30995\/revisions"}],"wp:featuredmedia":[{"embeddable":true,"href":"https:\/\/eskigazeteci.com\/index.php?rest_route=\/wp\/v2\/media\/30994"}],"wp:attachment":[{"href":"https:\/\/eskigazeteci.com\/index.php?rest_route=%2Fwp%2Fv2%2Fmedia&parent=30995"}],"wp:term":[{"taxonomy":"category","embeddable":true,"href":"https:\/\/eskigazeteci.com\/index.php?rest_route=%2Fwp%2Fv2%2Fcategories&post=30995"},{"taxonomy":"post_tag","embeddable":true,"href":"https:\/\/eskigazeteci.com\/index.php?rest_route=%2Fwp%2Fv2%2Ftags&post=30995"}],"curies":[{"name":"wp","href":"https:\/\/api.w.org\/{rel}","templated":true}]}}