{"id":30993,"date":"2026-04-30T14:46:43","date_gmt":"2026-04-30T14:46:43","guid":{"rendered":"https:\/\/eskigazeteci.com\/?p=30993"},"modified":"2026-04-30T14:46:43","modified_gmt":"2026-04-30T14:46:43","slug":"yine-dustuk-yollara","status":"publish","type":"post","link":"https:\/\/eskigazeteci.com\/?p=30993","title":{"rendered":"\u2018Yine d\u00fc\u015ft\u00fck yollara\u2019"},"content":{"rendered":"<p>\u0130lk d\u00fcet<\/p>\n<p>Biten bir ili\u015fki, ard\u0131nda kalan duygularla y\u00fczle\u015fme ve ge\u00e7mi\u015fi geride b\u0131rakma\u2026 T\u00fcm bu s\u00fcreci anlatan bir \u015fark\u0131 \u2018\u0130\u00e7iyorum Ederimize\u2019. \u015eark\u0131y\u0131 \u0130kilem ve Tu\u011fba Yurt birlikte s\u00f6yl\u00fcyor. Hem \u0130kilem\u2019in hem de Tu\u011fba Yurt\u2019un kariyerlerindeki ilk d\u00fcet olma \u00f6zelli\u011fini ta\u015f\u0131yan par\u00e7a duygusal pop \u00e7izgisinde ilerliyor.<\/p>\n<p>\u2018\u0130\u00e7iyorum Ederimize\u2019 (Tekli)<\/p>\n<p>\u0130kilem, Tu\u011fba Yurt<\/p>\n<p>Avrupa M\u00fczik<\/p>\n<p>Man\u00e7o\u2019suz olmaz<\/p>\n<p>Mehmet Erdem her projesinde bir Bar\u0131\u015f Man\u00e7o eserine yer verme gelene\u011fini s\u00fcrd\u00fcr\u00fcyor. Son d\u00f6nemde klasik eserleri g\u00fcn\u00fcm\u00fcz sound\u2019uyla yorumlayan sanat\u00e7\u0131 Ahmet Kaya (Ba\u015f\u0131m Belada) ve Sezen Aksu (Aldat\u0131ld\u0131k) \u015fark\u0131lar\u0131ndan sonra seriye Bar\u0131\u015f Man\u00e7o\u2019dan \u2018Ben Bilirim\u2019le devam ediyor. Alper Atakan\u2019\u0131n modern bir tarzda d\u00fczenledi\u011fi \u015fark\u0131y\u0131 Erdem karakteristik vokaliyle seslendiriyor.<\/p>\n<p>\u2018Ben Bilirim\u2019 (Tekli)<\/p>\n<p>Mehmet Erdem<\/p>\n<p>Bayhan M\u00fczik<\/p>\n<p>Zarif ve etkili<\/p>\n<p>Rock m\u00fczi\u011fin g\u00fc\u00e7l\u00fc seslerinden Fatma Turgut anonim t\u00fcrk\u00fc \u2018Ah Bir Ata\u015f Ver\u2019i eserin duygusal yo\u011funlu\u011funu \u00f6ne \u00e7\u0131karan bir yorumla seslendirmi\u015f. \u015eark\u0131n\u0131n yeni d\u00fczenlemesinde piyano ve yayl\u0131lar kullan\u0131lm\u0131\u015f, bu da zarif bir atmosfer yaratm\u0131\u015f.<\/p>\n<p>\u2018Ah Bir Ata\u015f Ver\u2019 (Tekli)<\/p>\n<p>Fatma Turgut<\/p>\n<p>Avrupa M\u00fczik<\/p>\n<p>I\u015f\u0131l \u0131\u015f\u0131l, k\u0131p\u0131r k\u0131p\u0131r<\/p>\n<p>Pop m\u00fczi\u011fin yetenekli ismi I\u015f\u0131l Ayman&#8230;<\/p>\n","protected":false},"excerpt":{"rendered":"<p>Arada r\u00fczg\u00e2r esip ya\u011fmur ya\u011fsa da y\u00fcr\u00fcmenin en keyifli oldu\u011fu aylarday\u0131z. Tak\u0131n kulakl\u0131\u011f\u0131n\u0131z\u0131, dinleyin bu haftan\u0131n yeni \u015fark\u0131lar\u0131n\u0131\u2026 \u0130kilem-Tu\u011fba Yurt&#8230;<\/p>\n","protected":false},"author":2,"featured_media":30992,"comment_status":"open","ping_status":"open","sticky":false,"template":"","format":"standard","meta":{"footnotes":""},"categories":[6,5],"tags":[],"class_list":["post-30993","post","type-post","status-publish","format-standard","has-post-thumbnail","hentry","category-gundem","category-son-dakika"],"_links":{"self":[{"href":"https:\/\/eskigazeteci.com\/index.php?rest_route=\/wp\/v2\/posts\/30993","targetHints":{"allow":["GET"]}}],"collection":[{"href":"https:\/\/eskigazeteci.com\/index.php?rest_route=\/wp\/v2\/posts"}],"about":[{"href":"https:\/\/eskigazeteci.com\/index.php?rest_route=\/wp\/v2\/types\/post"}],"author":[{"embeddable":true,"href":"https:\/\/eskigazeteci.com\/index.php?rest_route=\/wp\/v2\/users\/2"}],"replies":[{"embeddable":true,"href":"https:\/\/eskigazeteci.com\/index.php?rest_route=%2Fwp%2Fv2%2Fcomments&post=30993"}],"version-history":[{"count":0,"href":"https:\/\/eskigazeteci.com\/index.php?rest_route=\/wp\/v2\/posts\/30993\/revisions"}],"wp:featuredmedia":[{"embeddable":true,"href":"https:\/\/eskigazeteci.com\/index.php?rest_route=\/wp\/v2\/media\/30992"}],"wp:attachment":[{"href":"https:\/\/eskigazeteci.com\/index.php?rest_route=%2Fwp%2Fv2%2Fmedia&parent=30993"}],"wp:term":[{"taxonomy":"category","embeddable":true,"href":"https:\/\/eskigazeteci.com\/index.php?rest_route=%2Fwp%2Fv2%2Fcategories&post=30993"},{"taxonomy":"post_tag","embeddable":true,"href":"https:\/\/eskigazeteci.com\/index.php?rest_route=%2Fwp%2Fv2%2Ftags&post=30993"}],"curies":[{"name":"wp","href":"https:\/\/api.w.org\/{rel}","templated":true}]}}