{"id":30991,"date":"2026-04-30T14:45:09","date_gmt":"2026-04-30T14:45:09","guid":{"rendered":"https:\/\/eskigazeteci.com\/?p=30991"},"modified":"2026-04-30T14:45:09","modified_gmt":"2026-04-30T14:45:09","slug":"konferans-liginde-bu-aksam-hangi-maclar-var-konferans-ligi-yari-final-maclari-ne-zaman-saat-kacta-oynanacak","status":"publish","type":"post","link":"https:\/\/eskigazeteci.com\/?p=30991","title":{"rendered":"Konferans Ligi&#8217;nde bu ak\u015fam hangi ma\u00e7lar var? Konferans Ligi yar\u0131 final ma\u00e7lar\u0131 ne zaman, saat ka\u00e7ta oynanacak?"},"content":{"rendered":"<p>Avrupa Ligi yar\u0131 final ilk ma\u00e7lar\u0131 kapsam\u0131nda 2 kritik m\u00fccadele oynanacak. Arda Turan&#x27;\u0131n \u00e7al\u0131\u015ft\u0131rd\u0131\u011f\u0131 Ukrayna ekibi Shakhtar Donetsk, Crystal Palace ile kar\u015f\u0131 kar\u015f\u0131ya gelecek. Di\u011fer taraftan da Rayo Vallecano da Strasbourg&#x27;u konuk edecek. Ekipler m\u00fcsabakalardan avantajl\u0131 ayr\u0131lmak i\u00e7in m\u00fccadele edecek. \u0130\u015fte ayr\u0131nt\u0131lar&#8230;<\/p>\n<p>Konferans Ligi yar\u0131 final ilk ma\u00e7lar\u0131 bu ak\u015fam (30 Nisan) oynanacak. M\u00fcsabakalar\u0131n r\u00f6van\u015f\u0131, 7 May\u0131s Per\u015fembe g\u00fcn\u00fc oynanacak. Organizasyonda Arda Turan&#x27;\u0131n \u00e7al\u0131\u015ft\u0131rd\u0131\u011f\u0131 Ukrayna ekibi Shakhtar Donetsk, \u0130ngiltere temsilcisi Crystal Palace&#x27;\u0131 TS\u0130 22.00&#x27;de \u00fclkesindeki sava\u015f ve hava sahas\u0131n\u0131n kapal\u0131 olmas\u0131 nedeniyle Polonya&#x27;n\u0131n Krakow kentinde konuk edecek.<\/p>\n<p>Konferans Ligi yar\u0131 final ilk ma\u00e7lar\u0131 bu ak\u015fam (30 Nisan) oynanacak. M\u00fcsabakalar\u0131n r\u00f6van\u015f\u0131, 7 May\u0131s Per\u015fembe g\u00fcn\u00fc oynanacak.<\/p>\n<p>Organizasyonda Arda Turan&#x27;\u0131n \u00e7al\u0131\u015ft\u0131rd\u0131\u011f\u0131 Ukrayna ekibi Shakhtar Donetsk, \u0130ngiltere temsilcisi Crystal Palace&#x27;\u0131 TS\u0130 22.00&#x27;de \u00fclkesindeki sava\u015f ve hava sahas\u0131n\u0131n kapal\u0131 olmas\u0131 nedeniyle Polonya&#x27;n\u0131n Krakow kentinde konuk edecek.<\/p>\n<p>Arda Turan, UEFA kul\u00fcp turnuvalar\u0131nda \u00e7al\u0131\u015ft\u0131rd\u0131\u011f\u0131 tak\u0131m\u0131 yar\u0131 finale y\u00fckselten 5. T\u00fcrk teknik direkt\u00f6r oldu. Turan, Crystal Palace&#x27;\u0131 elemeleri durumunda ise Fatih&#8230;<\/p>\n","protected":false},"excerpt":{"rendered":"<p>Konferans Ligi&#8217;nde yar\u0131 final heyecan\u0131 ba\u015fl\u0131yor. Avrupa futbolunun kul\u00fcp d\u00fczeyindeki \u00fc\u00e7 numaral\u0131 organizasyonunda Arda Turan&#8217;\u0131n \u00e7al\u0131\u015ft\u0131rd\u0131\u011f\u0131 Ukrayna ekibi&#8230;<\/p>\n","protected":false},"author":2,"featured_media":30990,"comment_status":"open","ping_status":"open","sticky":false,"template":"","format":"standard","meta":{"footnotes":""},"categories":[5,7],"tags":[],"class_list":["post-30991","post","type-post","status-publish","format-standard","has-post-thumbnail","hentry","category-son-dakika","category-spor"],"_links":{"self":[{"href":"https:\/\/eskigazeteci.com\/index.php?rest_route=\/wp\/v2\/posts\/30991","targetHints":{"allow":["GET"]}}],"collection":[{"href":"https:\/\/eskigazeteci.com\/index.php?rest_route=\/wp\/v2\/posts"}],"about":[{"href":"https:\/\/eskigazeteci.com\/index.php?rest_route=\/wp\/v2\/types\/post"}],"author":[{"embeddable":true,"href":"https:\/\/eskigazeteci.com\/index.php?rest_route=\/wp\/v2\/users\/2"}],"replies":[{"embeddable":true,"href":"https:\/\/eskigazeteci.com\/index.php?rest_route=%2Fwp%2Fv2%2Fcomments&post=30991"}],"version-history":[{"count":0,"href":"https:\/\/eskigazeteci.com\/index.php?rest_route=\/wp\/v2\/posts\/30991\/revisions"}],"wp:featuredmedia":[{"embeddable":true,"href":"https:\/\/eskigazeteci.com\/index.php?rest_route=\/wp\/v2\/media\/30990"}],"wp:attachment":[{"href":"https:\/\/eskigazeteci.com\/index.php?rest_route=%2Fwp%2Fv2%2Fmedia&parent=30991"}],"wp:term":[{"taxonomy":"category","embeddable":true,"href":"https:\/\/eskigazeteci.com\/index.php?rest_route=%2Fwp%2Fv2%2Fcategories&post=30991"},{"taxonomy":"post_tag","embeddable":true,"href":"https:\/\/eskigazeteci.com\/index.php?rest_route=%2Fwp%2Fv2%2Ftags&post=30991"}],"curies":[{"name":"wp","href":"https:\/\/api.w.org\/{rel}","templated":true}]}}