{"id":30989,"date":"2026-04-30T14:36:43","date_gmt":"2026-04-30T14:36:43","guid":{"rendered":"https:\/\/eskigazeteci.com\/?p=30989"},"modified":"2026-04-30T14:36:43","modified_gmt":"2026-04-30T14:36:43","slug":"gulhan-borulceyi-altinlari-icin-oldurulmustu-komsu-cift-hakim-karsisina-cikti-su-icme-bahanesiyle-iceri-girmis","status":"publish","type":"post","link":"https:\/\/eskigazeteci.com\/?p=30989","title":{"rendered":"G\u00fclhan B\u00f6r\u00fclce\u2019yi alt\u0131nlar\u0131 i\u00e7in \u00f6ld\u00fcr\u00fclm\u00fc\u015ft\u00fc! Kom\u015fu \u00e7ift hakim kar\u015f\u0131s\u0131na \u00e7\u0131kt\u0131&#8230; Su i\u00e7me bahanesiyle i\u00e7eri girmi\u015f"},"content":{"rendered":"<p>Olay, 18 Aral\u0131k 2025\u2019te meydana geldi. Bar\u0131\u015f Mahallesi\u2019ndeki lojmanda G\u00fclhan B\u00f6r\u00fclce\u2019den haber alamayan yak\u0131nlar\u0131 durumu 112 Acil \u00c7a\u011fr\u0131 Merkezi\u2019ne bildirdi. \u0130hbar \u00fczerine adrese sa\u011fl\u0131k ve polis ekipleri sevk edildi. Eve giren ekipler, B\u00f6r\u00fclce&#x27;nin b\u0131\u00e7aklanarak \u00f6ld\u00fcr\u00fcld\u00fc\u011f\u00fcn\u00fc belirledi. G\u00fclhan B\u00f6r\u00fclce\u2019nin cenazesi otopsi i\u015flemlerinin ard\u0131ndan Ankara&#x27;ya g\u00f6t\u00fcr\u00fclerek topra\u011fa verildi.<\/p>\n<p>KAT\u0130L KOM\u015eU \u00c7IKTI<\/p>\n<p>Siirt Cumhuriyet Ba\u015fsavc\u0131l\u0131\u011f\u0131 taraf\u0131ndan y\u00fcr\u00fct\u00fclen soru\u015fturma kapsam\u0131nda \u00fcst kom\u015fular\u0131 \u015e\u00fckr\u00fc Kaya ve e\u015fi Fatma Kaya g\u00f6zalt\u0131na al\u0131nd\u0131. \u015e\u00fckr\u00fc Kaya, emniyetteki ifadesinde yasa d\u0131\u015f\u0131 bahis oynad\u0131\u011f\u0131n\u0131, y\u00fcksek miktarda para kaybetti\u011fini, bir s\u00fcredir G\u00fclhan B\u00f6r\u00fclce&#x27;yi \u00f6ld\u00fcrmeyi ve kolundaki bileziklerini almay\u0131 planlad\u0131\u011f\u0131n\u0131 itiraf etti. Kaya\u2019n\u0131n e\u015fi Fatma Kaya ise hakk\u0131ndaki su\u00e7lamalar\u0131 kabul etmedi. \u0130\u015flemlerinin ard\u0131ndan adliyeye sevk edilen \u00e7ift, \u00e7\u0131kar\u0131ld\u0131klar\u0131 mahkemece tutuklanarak cezaevine g\u00f6nderildi.<\/p>\n<p>\u00d6te yandan \u015e\u00fckr\u00fc Kaya&#x27;n\u0131n \u00e7ald\u0131\u011f\u0131 alt\u0131nlar\u0131 kuyumcuda bozdurdu\u011fu anlar g\u00fcvenlik kameras\u0131na yans\u0131d\u0131. G\u00f6r\u00fcnt\u00fclerde; Kaya&#x27;n\u0131n kuyumcuya \u00e7ald\u0131\u011f\u0131 bilezikleri verdi\u011fi, ard\u0131ndan hesap numaras\u0131na gelen paray\u0131 kontrol edip, sat\u0131\u015f belgesini imzalad\u0131\u011f\u0131, daha sonra da i\u015f yerinden ayr\u0131ld\u0131\u011f\u0131 anlar yer&#8230;<\/p>\n","protected":false},"excerpt":{"rendered":"<p>Siirt\u2019te G\u00fclhan B\u00f6r\u00fclce\u2019nin (39) evinde b\u0131\u00e7aklanarak \u00f6ld\u00fcr\u00fclmesine ili\u015fkin tutuklu san\u0131klar \u00fcst kom\u015fular\u0131 \u015e\u00fckr\u00fc (33) ve e\u015fi Fatma Kaya (30) hakim kar\u015f\u0131s\u0131na&#8230;<\/p>\n","protected":false},"author":2,"featured_media":30988,"comment_status":"open","ping_status":"open","sticky":false,"template":"","format":"standard","meta":{"footnotes":""},"categories":[6,5],"tags":[],"class_list":["post-30989","post","type-post","status-publish","format-standard","has-post-thumbnail","hentry","category-gundem","category-son-dakika"],"_links":{"self":[{"href":"https:\/\/eskigazeteci.com\/index.php?rest_route=\/wp\/v2\/posts\/30989","targetHints":{"allow":["GET"]}}],"collection":[{"href":"https:\/\/eskigazeteci.com\/index.php?rest_route=\/wp\/v2\/posts"}],"about":[{"href":"https:\/\/eskigazeteci.com\/index.php?rest_route=\/wp\/v2\/types\/post"}],"author":[{"embeddable":true,"href":"https:\/\/eskigazeteci.com\/index.php?rest_route=\/wp\/v2\/users\/2"}],"replies":[{"embeddable":true,"href":"https:\/\/eskigazeteci.com\/index.php?rest_route=%2Fwp%2Fv2%2Fcomments&post=30989"}],"version-history":[{"count":0,"href":"https:\/\/eskigazeteci.com\/index.php?rest_route=\/wp\/v2\/posts\/30989\/revisions"}],"wp:featuredmedia":[{"embeddable":true,"href":"https:\/\/eskigazeteci.com\/index.php?rest_route=\/wp\/v2\/media\/30988"}],"wp:attachment":[{"href":"https:\/\/eskigazeteci.com\/index.php?rest_route=%2Fwp%2Fv2%2Fmedia&parent=30989"}],"wp:term":[{"taxonomy":"category","embeddable":true,"href":"https:\/\/eskigazeteci.com\/index.php?rest_route=%2Fwp%2Fv2%2Fcategories&post=30989"},{"taxonomy":"post_tag","embeddable":true,"href":"https:\/\/eskigazeteci.com\/index.php?rest_route=%2Fwp%2Fv2%2Ftags&post=30989"}],"curies":[{"name":"wp","href":"https:\/\/api.w.org\/{rel}","templated":true}]}}